{"id":1159,"date":"2024-02-19T13:48:55","date_gmt":"2024-02-19T13:48:55","guid":{"rendered":"https:\/\/www.auchkomm.com\/blog\/?p=1159"},"modified":"2025-03-18T13:30:54","modified_gmt":"2025-03-18T13:30:54","slug":"plastic-fantastic-der-film-ueber-unseren-umgang-mit-plastikmuell","status":"publish","type":"post","link":"https:\/\/www.auchkomm.com\/blog\/2024\/02\/19\/plastic-fantastic-der-film-ueber-unseren-umgang-mit-plastikmuell\/","title":{"rendered":"Plastic fantastic: Der Film \u00fcber unseren Umgang mit Plastikm\u00fcll"},"content":{"rendered":"\n<figure class=\"wp-block-image size-large\"><a href=\"https:\/\/www.auchkomm.com\/blog\/wp-content\/uploads\/2024\/02\/Plastic_Fantastic_Plakat_rgb-1.jpeg\"><img loading=\"lazy\" decoding=\"async\" width=\"723\" height=\"1024\" src=\"https:\/\/www.auchkomm.com\/blog\/wp-content\/uploads\/2024\/02\/Plastic_Fantastic_Plakat_rgb-1-723x1024.jpeg\" alt=\"Filmplakat Plastic fantastic (Foto: Trimafilm)\" class=\"wp-image-1164\" style=\"object-fit:cover\" srcset=\"https:\/\/www.auchkomm.com\/blog\/wp-content\/uploads\/2024\/02\/Plastic_Fantastic_Plakat_rgb-1-723x1024.jpeg 723w, https:\/\/www.auchkomm.com\/blog\/wp-content\/uploads\/2024\/02\/Plastic_Fantastic_Plakat_rgb-1-212x300.jpeg 212w, https:\/\/www.auchkomm.com\/blog\/wp-content\/uploads\/2024\/02\/Plastic_Fantastic_Plakat_rgb-1-768x1088.jpeg 768w, https:\/\/www.auchkomm.com\/blog\/wp-content\/uploads\/2024\/02\/Plastic_Fantastic_Plakat_rgb-1.jpeg 834w\" sizes=\"auto, (max-width: 723px) 100vw, 723px\" \/><\/a><figcaption class=\"wp-element-caption\">Filmplakat (Foto: Trimafilm)<\/figcaption><\/figure>\n\n\n\n<h2 class=\"wp-block-heading\"><strong>Rezension und Blog zum Film.<\/strong><\/h2>\n\n\n\n<p><\/p>\n\n\n\n<!--more-->\n\n\n\n<pre class=\"wp-block-code\"><code><\/code><\/pre>\n\n\n\n<!-- Z\u00e4hlmarke VG Wort -->\n<img loading=\"lazy\" decoding=\"async\" src=\"https:\/\/vg09.met.vgwort.de\/na\/77acb077ffe34610a1dcdbe72cb97ea1\" width=\"1\" height=\"1\" alt=\"\"\/>\n\n\n\n<p><strong>\u201ePlastik ist heute allgegenw\u00e4rtig \u2013 in Fl\u00fcssen und Meeren, in unserer Luft, dem Boden und sogar unseren K\u00f6rpern. Es gibt 500 mal mehr Plastikpartikel in den Ozeanen als Sterne in unserer Galaxie.\u201c Mit diesem Statement beginnt der Dokumentarfilm&nbsp;<em>Plastic fantastic<\/em>, der am 25. Januar 2024 in den deutschen Kinos angelaufen ist. In 101 fesselnden Minuten beleuchtet er aus verschiedenen Blickwinkeln unseren stetig wachsenden Plastikverbrauch.<\/strong><\/p>\n\n\n\n<p>Bis 2050 wird er sich in den f\u00fchrenden Industrie- und Schwellenl\u00e4ndern (G 20) fast verdoppeln, schreibt die <a href=\"https:\/\/www.faz.net\/aktuell\/wirtschaft\/klima-nachhaltigkeit\/plastikverbrauch-wird-sich-bis-2050-wohl-fast-verdoppeln-18709235.html\">FAZ im Februar 2023<\/a>. Hierbei bezieht sie sich auf eine Studie von Back to Blue, einer Forschungsgruppe der Denkfabrik Economist Impact sowie der Nippon Foundation. Verhindern lie\u00dfe sich der Anstieg nur, indem der Verbrauch umfassend und rechtlich bindend eingeschr\u00e4nkt w\u00fcrde. F\u00f6rderprogramme zum Recycling oder zur Verringerung Einwegplastik kratzten nur an der Oberfl\u00e4che.&nbsp;<\/p>\n\n\n\n<p>Vor dem Hintergrund dieser \u201ed\u00fcsteren Prognose\u201c, so die Dachzeile des FAZ-Artikels, zeigt&nbsp;<em>Plastic fantastic<\/em> Menschen und ihren weltweiten Einsatz f\u00fcr weniger Plastik. Die Protagonisten sind engagierte Umweltsch\u00fctzer aus Afrika und den USA, warnende Wissenschaftler und Kunststoff-Lobbyisten, die sich f\u00fcr das Recycling starkmachen.&nbsp;<\/p>\n\n\n\n<figure class=\"wp-block-image size-large\"><a href=\"https:\/\/www.auchkomm.com\/blog\/wp-content\/uploads\/2024\/02\/Muellhalde.jpg\"><img loading=\"lazy\" decoding=\"async\" width=\"1024\" height=\"429\" src=\"https:\/\/www.auchkomm.com\/blog\/wp-content\/uploads\/2024\/02\/Muellhalde-1024x429.jpg\" alt=\"Eine M\u00fcllhalde: Der Plastikverbrauch nimmt immer weiter zu (Foto: Trimafilm)\" class=\"wp-image-1165\" srcset=\"https:\/\/www.auchkomm.com\/blog\/wp-content\/uploads\/2024\/02\/Muellhalde-1024x429.jpg 1024w, https:\/\/www.auchkomm.com\/blog\/wp-content\/uploads\/2024\/02\/Muellhalde-300x126.jpg 300w, https:\/\/www.auchkomm.com\/blog\/wp-content\/uploads\/2024\/02\/Muellhalde-768x322.jpg 768w, https:\/\/www.auchkomm.com\/blog\/wp-content\/uploads\/2024\/02\/Muellhalde.jpg 1181w\" sizes=\"auto, (max-width: 1024px) 100vw, 1024px\" \/><\/a><figcaption class=\"wp-element-caption\">Der Plastikverbrauch nimmt immer weiter zu (Foto: Trimafilm)<\/figcaption><\/figure>\n\n\n\n<p>Um mit den letzteren zu beginnen: <a href=\"https:\/\/www.linkedin.com\/in\/joshuabaca\/\">Joshua Baca<\/a>, bis 2023 Lobbyist des <a href=\"https:\/\/www.americanchemistry.com\">American Chemistry Council<\/a>, und <a href=\"https:\/\/www.linkedin.com\/in\/ingemar-b%C3%BChler-6a731a41\/\">Ingemar B\u00fchler<\/a>, Lobbyist bei <a href=\"https:\/\/plasticseurope.org\/de\/\">Plastics Europe<\/a>, heben hervor, dass die Plastikindustrie die Situation erkannt habe und entschieden gegen Plastikm\u00fcll vorgehe. Dabei setzen sie auf neue effiziente Recyclingtechnologien.<\/p>\n\n\n\n<h2 class=\"wp-block-heading\"><strong>Fische m\u00f6gen rote Plastikdeckel besonders<\/strong><\/h2>\n\n\n\n<p><a href=\"https:\/\/www.linkedin.com\/in\/sarah-jeanne-royer-37275831\/\">Ozeanografin Sarah-Jeanne Royer<\/a> zeigt, welche Probleme Mikroplastik an den K\u00fcsten Hawaiis verursacht: Die Kunststoffteile, die sie bei ihren Strandg\u00e4ngen am h\u00e4ufigsten findet, sind Zigarettenfilter, gefolgt von Flaschenverschl\u00fcssen.&nbsp;<\/p>\n\n\n\n<figure class=\"wp-block-image size-large\"><a href=\"https:\/\/www.auchkomm.com\/blog\/wp-content\/uploads\/2024\/02\/Ozeanografin-Sarah-Jeanne-Royer.jpg\"><img loading=\"lazy\" decoding=\"async\" width=\"1024\" height=\"429\" src=\"https:\/\/www.auchkomm.com\/blog\/wp-content\/uploads\/2024\/02\/Ozeanografin-Sarah-Jeanne-Royer-1024x429.jpg\" alt=\"Ozeanografin Sarah-Jeanne Royer (Foto: Trimafilm)\" class=\"wp-image-1166\" srcset=\"https:\/\/www.auchkomm.com\/blog\/wp-content\/uploads\/2024\/02\/Ozeanografin-Sarah-Jeanne-Royer-1024x429.jpg 1024w, https:\/\/www.auchkomm.com\/blog\/wp-content\/uploads\/2024\/02\/Ozeanografin-Sarah-Jeanne-Royer-300x126.jpg 300w, https:\/\/www.auchkomm.com\/blog\/wp-content\/uploads\/2024\/02\/Ozeanografin-Sarah-Jeanne-Royer-768x322.jpg 768w, https:\/\/www.auchkomm.com\/blog\/wp-content\/uploads\/2024\/02\/Ozeanografin-Sarah-Jeanne-Royer.jpg 1181w\" sizes=\"auto, (max-width: 1024px) 100vw, 1024px\" \/><\/a><figcaption class=\"wp-element-caption\">Ozeanografin Sarah-Jeanne Royer (Foto: Trimafilm)<\/figcaption><\/figure>\n\n\n\n<p>Ihr zufolge lieben Fische ganz besonders die roten Plastikdeckel von Colaflaschen. Davon finden die Meeresbewohner unz\u00e4hlige, denn selbst das erste St\u00fcck Plastik, das jemals ins Meer gelangte, schwimmt heute noch \u2013 zu Mikropartikeln verkleinert \u2013 im Meer.<\/p>\n\n\n\n<h2 class=\"wp-block-heading\"><strong>Jede Auster enth\u00e4lt 1.500 Partikel Mikroplastik<\/strong><\/h2>\n\n\n\n<p>Denn Plastik verrottet nicht. Damit besch\u00e4ftigt sich <a href=\"https:\/\/michaelbraungart.com\">Prof. Dr. Michael Braungart<\/a>. Der&nbsp;Professor f\u00fcr \u00d6ko-Design an der Leuphana-Universit\u00e4t L\u00fcneburg und Tr\u00e4ger des Deutschen Nachhaltigkeitspreises 2022&nbsp;ist Vordenker und Begr\u00fcnder des \u201eCradle-to-Cradle\u201c-Designkonzepts. Es hat eine 100%-ige Kreislaufwirtschaft zum Ziel.<\/p>\n\n\n\n<figure class=\"wp-block-image size-large\"><a href=\"https:\/\/www.auchkomm.com\/blog\/wp-content\/uploads\/2024\/02\/Prof.-Dr.-Michael-Braungart.jpg\"><img loading=\"lazy\" decoding=\"async\" width=\"1024\" height=\"429\" src=\"https:\/\/www.auchkomm.com\/blog\/wp-content\/uploads\/2024\/02\/Prof.-Dr.-Michael-Braungart-1024x429.jpg\" alt=\"\u201eCradle-to-Cradle\u201c-Begr\u00fcnder Prof. Dr. Michael Braungart (Foto: Trimafilm)\" class=\"wp-image-1167\" srcset=\"https:\/\/www.auchkomm.com\/blog\/wp-content\/uploads\/2024\/02\/Prof.-Dr.-Michael-Braungart-1024x429.jpg 1024w, https:\/\/www.auchkomm.com\/blog\/wp-content\/uploads\/2024\/02\/Prof.-Dr.-Michael-Braungart-300x126.jpg 300w, https:\/\/www.auchkomm.com\/blog\/wp-content\/uploads\/2024\/02\/Prof.-Dr.-Michael-Braungart-768x322.jpg 768w, https:\/\/www.auchkomm.com\/blog\/wp-content\/uploads\/2024\/02\/Prof.-Dr.-Michael-Braungart.jpg 1181w\" sizes=\"auto, (max-width: 1024px) 100vw, 1024px\" \/><\/a><figcaption class=\"wp-element-caption\">\u201eCradle-to-Cradle\u201c-Begr\u00fcnder Prof. Dr. Michael Braungart (Foto: Trimafilm)<\/figcaption><\/figure>\n\n\n\n<p>Cradle-to-Cradle will nicht weniger Abfall schaffen, sondern ein Leben ganz ohne Abfall erm\u00f6glichen. Bei dem Ansatz \u201evon der Wiege bis zur Wiege\u201c, so die w\u00f6rtliche \u00dcbersetzung, werden Produkte, die verschlei\u00dfen, so designt, dass sie sich biovertr\u00e4glich abbauen. Alle anderen Produkte, beispielsweise Waschmaschinen und Fernseher, werden so gestaltet, dass sie einfach und umfassend recycelbar sind. Dann k\u00f6nnen ihre Materialien in gleicher Qualit\u00e4t endlos wieder eingesetzt werden.<\/p>\n\n\n\n<h2 class=\"wp-block-heading\"><strong>Reifenabrieb ist ein Riesenproblem<\/strong><\/h2>\n\n\n\n<p>Da dies nicht geschieht und wir immer mehr Plastikabf\u00e4lle erzeugen, kommt es zu umfassenden Sch\u00e4den. Braungart veranschaulicht dies im Film unter anderem an einer Delikatesse. Ihm zufolge enth\u00e4lt jede einzelne Auster 1.500 Partikel Mikroplastik. Die H\u00e4lfte davon ist Reifenabrieb, der&nbsp;in <a href=\"https:\/\/bmbf-plastik.de\/de\/node\/505.html\">Deutschland Platz eins unter den Emissionen von Mikroplastik<\/a> belegt: pro Bundesb\u00fcrger gelangen j\u00e4hrlich rund 1,2 Kilogramm davon in die Umwelt.&nbsp;<\/p>\n\n\n\n<p>Vieles k\u00f6nnte man unternehmen, so Braungart. Er bem\u00e4ngelt beispielsweise, dass manche BMWs etwa 180 verschiedene Kunststoffsorten enthalten, die es nicht lohne zu recyceln. Und dass jedes Jahr 40 Millionen Badelatschen verloren gehen, von denen viele f\u00fcr lange Zeit die Plastikm\u00fcllstr\u00f6me auf den Weltmeeren anwachsen lassen.<\/p>\n\n\n\n<h2 class=\"wp-block-heading\"><strong>Mikroplastik belastet uns alle<\/strong><\/h2>\n\n\n\n<p>\u00dcber unsere synthetische Kleidung, die wir am K\u00f6rper tragen, und nochmal st\u00e4rker FFP2-Masken w\u00e4hrend der Covid-Pandemie atmen wir st\u00e4ndig Plastik Mikropartikel ein. \u201eDie Teilchen k\u00f6nnen kleiner als Staub sein, sie sind \u00fcberall, in der Luft, im Wasser, in der Blutbahn, im Gehirn\u201c, sagt die Ozeanografin Royer. Der \u201eCradle-to-Cradle\u201c-Begr\u00fcnder verweist zudem darauf, dass durch das Mikroplastik im K\u00f6rper die Fruchtbarkeit der Menschen zur\u00fcckgeht.<\/p>\n\n\n\n<h2 class=\"wp-block-heading\"><strong>Trotz h\u00f6chster Recyclingquote endet das meiste Plastik im Giftm\u00fcllschacht<\/strong><\/h2>\n\n\n\n<p>Die deutsche Recyclingquote von knapp 25% ist weltweit vorbildlich. Was auf den ersten Blick wie eine gute Nachricht aussieht, ist bei n\u00e4herem Hinschauen beunruhigend. Denn diese Zahl bedeutet, dass 75% des Plastiks in Deutschland bei hohen Temperaturen verbrannt werden m\u00fcssen.&nbsp;<\/p>\n\n\n\n<figure class=\"wp-block-image size-large\"><a href=\"https:\/\/www.auchkomm.com\/blog\/wp-content\/uploads\/2024\/02\/Muellverbrennungsanlage.jpg\"><img loading=\"lazy\" decoding=\"async\" width=\"1024\" height=\"427\" src=\"https:\/\/www.auchkomm.com\/blog\/wp-content\/uploads\/2024\/02\/Muellverbrennungsanlage-1024x427.jpg\" alt=\"Blick in eine M\u00fcllverbrennungsanlage (Foto: Trimafilm)\" class=\"wp-image-1168\" srcset=\"https:\/\/www.auchkomm.com\/blog\/wp-content\/uploads\/2024\/02\/Muellverbrennungsanlage-1024x427.jpg 1024w, https:\/\/www.auchkomm.com\/blog\/wp-content\/uploads\/2024\/02\/Muellverbrennungsanlage-300x125.jpg 300w, https:\/\/www.auchkomm.com\/blog\/wp-content\/uploads\/2024\/02\/Muellverbrennungsanlage-768x321.jpg 768w, https:\/\/www.auchkomm.com\/blog\/wp-content\/uploads\/2024\/02\/Muellverbrennungsanlage.jpg 1181w\" sizes=\"auto, (max-width: 1024px) 100vw, 1024px\" \/><\/a><figcaption class=\"wp-element-caption\">Blick in eine M\u00fcllverbrennungsanlage (Foto: Trimafilm)<\/figcaption><\/figure>\n\n\n\n<p>Das bleibt nicht ohne Folgen: Die Filter der M\u00fcllverbrennungsanlagen enthalten dann leider so viele Giftstoffe, dass eine oberirdische Lagerung nicht zul\u00e4ssig ist. Deshalb werden die Filter f\u00fcr die Ewigkeit unter der Erde deponiert. Zum Beispiel in der \u201eAlten Grube\u201c Herfa-Neurode im hessischen Heringen, nahe der th\u00fcringischen Grenze, Sie ist laut <a href=\"https:\/\/www.deutschlandfunkkultur.de\/herfa-neurode-in-hessen-die-groesste-unterirdische-100.html\">Deutschlandfunk Kultur <\/a> die gr\u00f6\u00dfte unterirdische Giftm\u00fclldeponie der Welt.&nbsp;<\/p>\n\n\n\n<figure class=\"wp-block-image size-large\"><a href=\"https:\/\/www.auchkomm.com\/blog\/wp-content\/uploads\/2024\/02\/Foto-Giftmuellschacht-Alte-Grube-Herfa-Neurode.jpg\"><img loading=\"lazy\" decoding=\"async\" width=\"1024\" height=\"429\" src=\"https:\/\/www.auchkomm.com\/blog\/wp-content\/uploads\/2024\/02\/Foto-Giftmuellschacht-Alte-Grube-Herfa-Neurode-1024x429.jpg\" alt=\"Die \u201eAlte Grube\u201c Herfa-Neurode, die gr\u00f6\u00dfte unterirdische Giftm\u00fclldeponie der Welt (Foto: Trimafilm)\" class=\"wp-image-1169\" srcset=\"https:\/\/www.auchkomm.com\/blog\/wp-content\/uploads\/2024\/02\/Foto-Giftmuellschacht-Alte-Grube-Herfa-Neurode-1024x429.jpg 1024w, https:\/\/www.auchkomm.com\/blog\/wp-content\/uploads\/2024\/02\/Foto-Giftmuellschacht-Alte-Grube-Herfa-Neurode-300x126.jpg 300w, https:\/\/www.auchkomm.com\/blog\/wp-content\/uploads\/2024\/02\/Foto-Giftmuellschacht-Alte-Grube-Herfa-Neurode-768x322.jpg 768w, https:\/\/www.auchkomm.com\/blog\/wp-content\/uploads\/2024\/02\/Foto-Giftmuellschacht-Alte-Grube-Herfa-Neurode.jpg 1181w\" sizes=\"auto, (max-width: 1024px) 100vw, 1024px\" \/><\/a><figcaption class=\"wp-element-caption\">Die \u201eAlte Grube\u201c Herfa-Neurode, die gr\u00f6\u00dfte unterirdische Giftm\u00fclldeponie der Welt (Foto: Trimafilm)<\/figcaption><\/figure>\n\n\n\n<p>Selbst wenn M\u00fcllverbrennungsanlagen dorthin t\u00e4glich vier bis f\u00fcnf Filter schicken: Es ist laut den Betreibern f\u00fcr lange Zeit noch genug Platz neben den 2,7 Millionen Tonnen (2019) der anderen giftigen Industrieabf\u00e4lle wie Arsen, Cyanid und Quecksilber, die aus ganz Europa und den USA kommen.&nbsp;<\/p>\n\n\n\n<h2 class=\"wp-block-heading\"><strong>Weltweite Probleme<\/strong><\/h2>\n\n\n\n<p>Welche Probleme die Herstellung und Entsorgung von Plastik weltweit bereiten, illustriert&nbsp;<em>Plastic fantastic<\/em> anhand von zwei Portr\u00e4ts. In Keniadokumentiert der Umweltaktivist und -fotograf <a href=\"https:\/\/www.linkedin.com\/in\/james-wakibia-93641b1bb\/?originalSubdomain=ke\">James Wakibia<\/a> die Verschmutzung in seinem Land.&nbsp;<\/p>\n\n\n\n<figure class=\"wp-block-image size-large\"><a href=\"https:\/\/www.auchkomm.com\/blog\/wp-content\/uploads\/2024\/02\/Sharon-Lavigne.jpg\"><img loading=\"lazy\" decoding=\"async\" width=\"1024\" height=\"429\" src=\"https:\/\/www.auchkomm.com\/blog\/wp-content\/uploads\/2024\/02\/Sharon-Lavigne-1024x429.jpg\" alt=\"Die pensionierte Lehrerin Sharon Lavigne (Foto: Trimafilm).\" class=\"wp-image-1170\" srcset=\"https:\/\/www.auchkomm.com\/blog\/wp-content\/uploads\/2024\/02\/Sharon-Lavigne-1024x429.jpg 1024w, https:\/\/www.auchkomm.com\/blog\/wp-content\/uploads\/2024\/02\/Sharon-Lavigne-300x126.jpg 300w, https:\/\/www.auchkomm.com\/blog\/wp-content\/uploads\/2024\/02\/Sharon-Lavigne-768x322.jpg 768w, https:\/\/www.auchkomm.com\/blog\/wp-content\/uploads\/2024\/02\/Sharon-Lavigne.jpg 1181w\" sizes=\"auto, (max-width: 1024px) 100vw, 1024px\" \/><\/a><figcaption class=\"wp-element-caption\">Sharon Lavigne (Foto: Trimafilm)<\/figcaption><\/figure>\n\n\n\n<p>Die pensionierte Lehrerin <a href=\"https:\/\/en.wikipedia.org\/wiki\/Sharon_Lavigne\">Sharon Lavigne<\/a> k\u00e4mpfte erfolgreich f\u00fcr die R\u00fccknahme einer \u2013 dem richterlichen Urteil zufolge <a href=\"https:\/\/www.kunststoffweb.de\/branchen-news\/formosa_gericht_in_louisiana_annulliert_umweltgenehmigungen_t251189\">\u201ewillk\u00fcrlichen\u201c \u2013 Umweltgenehmigung f\u00fcr eine Kunststoff-Produktionsst\u00e4tte der&nbsp;Formosa Group<\/a> nahe der Stadt Baton Rouge im US-amerikanischen Stadt Louisiana. Die Region um die Stadt geh\u00f6rt zu den am dichtesten mit petrochemischen Anlagen besiedelten in den USA.<\/p>\n\n\n\n<h2 class=\"wp-block-heading\"><strong>Eine Alternative zu Plastik<\/strong><\/h2>\n\n\n\n<p>Hoffnung macht auch die Unternehmerin <a href=\"https:\/\/www.linkedin.com\/in\/anne-lamp-4aa574b5\/?originalSubdomain=de\">Dr.-Ing. Anne Lamp<\/a>, Mitgr\u00fcnderin und Vorstandsvorsitzende der <a href=\"https:\/\/www.traceless.eu\">traceless materials GmbH<\/a>. Das Bio\u00f6konomie-Start-up, dessen Name \u00fcbersetzt \u201espurlos\u201c bedeutet, hat ein plastikfreies Material entwickelt, das dazu beitragen k\u00f6nnte, die globale Plastikverschmutzung zu reduzieren.&nbsp;<\/p>\n\n\n\n<p>Laut Unternehmensangabe sieht es zwar wie Plastik aus und f\u00fchlt sich auch so an, es ist aber zertifiziert plastik- und mikroplastikfrei und vollst\u00e4ndig biokreislauff\u00e4hig. Hergestellt wird es aus pflanzlichen Reststoffen der Agrarindustrie. 2023 hat das Unternehmen von Investoren 36,6 Millionen Euro f\u00fcr den Bau der ersten Industrieanlage f\u00fcr seine biokreislauff\u00e4hige Plastikalternative bekommen.&nbsp;<\/p>\n\n\n\n<figure class=\"wp-block-image size-large\"><a href=\"https:\/\/www.auchkomm.com\/blog\/wp-content\/uploads\/2024\/02\/traceless-usecase_Fries-Fork.jpeg\"><img loading=\"lazy\" decoding=\"async\" width=\"1024\" height=\"768\" src=\"https:\/\/www.auchkomm.com\/blog\/wp-content\/uploads\/2024\/02\/traceless-usecase_Fries-Fork-1024x768.jpeg\" alt=\"Sind nicht aus Plastik, sehen aber so aus: Pommes frites-Gabeln von traceless (Foto: traceless).\n\" class=\"wp-image-1171\" srcset=\"https:\/\/www.auchkomm.com\/blog\/wp-content\/uploads\/2024\/02\/traceless-usecase_Fries-Fork-1024x768.jpeg 1024w, https:\/\/www.auchkomm.com\/blog\/wp-content\/uploads\/2024\/02\/traceless-usecase_Fries-Fork-300x225.jpeg 300w, https:\/\/www.auchkomm.com\/blog\/wp-content\/uploads\/2024\/02\/traceless-usecase_Fries-Fork-768x576.jpeg 768w, https:\/\/www.auchkomm.com\/blog\/wp-content\/uploads\/2024\/02\/traceless-usecase_Fries-Fork.jpeg 1181w\" sizes=\"auto, (max-width: 1024px) 100vw, 1024px\" \/><\/a><figcaption class=\"wp-element-caption\">Sind nicht aus Plastik, sehen aber so aus: Pommes frites-Gabeln von traceless (Foto: traceless).<\/figcaption><\/figure>\n\n\n\n<p>Anerkennung kommt auch von Fachmedien: Im Februar 2024 haben die Branchenmagazine <a href=\"https:\/\/www.chemanager-online.com\">CHEManager und CHEManager International<\/a> traceless beim \u201e<a href=\"https:\/\/www.chemanager-online.com\/tags\/chemanager-innovation-pitch\">CHEManager Innovation Pitch<\/a>\u201c zum besten Unternehmen des Jahres in der Kategorie &#8222;Value to Industry&#8220; gew\u00e4hlt.&nbsp;<\/p>\n\n\n\n<h2 class=\"wp-block-heading\"><strong>Der Film gibt Hoffnung<\/strong><\/h2>\n\n\n\n<p><em>Plastic fantastic<\/em>&nbsp;beeindruckt durch die Auswahl und Dichte der Geschichten, in deren Mittelpunkt stets Menschen und ihr Engagement stehen. Ihr Einsatz macht dem Zuschauer \u2013 trotz der erdr\u00fcckenden und bedrohlichen Bilder und Informationen \u2013 Mut. Er f\u00fchrt uns vor Augen, dass Handeln die einzige M\u00f6glichkeit ist, Hoffnung zu sch\u00f6pfen. Wie viele Dokumentarfilme wird auch&nbsp;<em>Plastic fantastic<\/em>&nbsp;leider nur in ausgew\u00e4hlten Kinos gezeigt. Es ist zu w\u00fcnschen, dass er bald auch im Fernsehen zu sehen ist.<\/p>\n\n\n\n<h2 class=\"wp-block-heading\"><strong>Der Film und wo man ihn sehen<\/strong>&nbsp;<strong>kann:<\/strong><\/h2>\n\n\n\n<p><em>Plastic fantastic<\/em>&nbsp;ist eine Produktion von Isabelle Bertolone, David Armati Lechner und Trini G\u00f6tze, Trimafilm, in Koproduktion mit dem ZDF Das kleine Fernsehspiel. Buch und Regie hatte Isa Willinger, Redaktion Varinka Link und Claudia Tronnier. Den Film verleiht MINDJAZZ PICTURES, auf deren Website auch die aktuellen Auff\u00fchrungsdaten und -orte zu finden sind:&nbsp;&nbsp;<a href=\"https:\/\/mindjazz-pictures.de\/filme\/plastic-fantastic\/\">https:\/\/mindjazz-pictures.de\/filme\/plastic-fantastic\/<\/a><\/p>\n\n\n\n<pre class=\"wp-block-code\"><code><\/code><\/pre>\n","protected":false},"excerpt":{"rendered":"<p>Plastik fantastic: Der Film \u00fcber Plastikm\u00fcll zeigt die Folgen unserer wachsenden Plastikverbrauchs.  Film-Rezension im auchkomm-Blog<\/p>\n","protected":false},"author":2,"featured_media":0,"comment_status":"open","ping_status":"open","sticky":false,"template":"","format":"standard","meta":{"footnotes":""},"categories":[245],"tags":[236,230,233,243,239,235,232,242,240,244],"class_list":["post-1159","post","type-post","status-publish","format-standard","hentry","category-kunststoffe","tag-doku","tag-dokumentarfilm","tag-kreislaufwirtschaft","tag-kunststoffrecycling","tag-kuststoff","tag-plastic-fantastic","tag-plastik","tag-plastikabfall","tag-plastikmuell","tag-plastikrecycling"],"yoast_head":"<!-- This site is optimized with the Yoast SEO plugin v27.5 - https:\/\/yoast.com\/product\/yoast-seo-wordpress\/ -->\n<title>Plastic fantastic: Der Film \u00fcber unseren Umgang mit Plastikm\u00fcll - auchkomm<\/title>\n<meta name=\"description\" content=\"Film \u00fcber Plastikm\u00fcll: In 101 fesselnden Minuten beleuchtet Plastic fantastic die Folgen des wachsenden Plastikverbrauchs. Blog Rezension.\" \/>\n<meta name=\"robots\" content=\"index, follow, max-snippet:-1, max-image-preview:large, max-video-preview:-1\" \/>\n<link rel=\"canonical\" href=\"https:\/\/www.auchkomm.com\/blog\/2024\/02\/19\/plastic-fantastic-der-film-ueber-unseren-umgang-mit-plastikmuell\/\" \/>\n<meta property=\"og:locale\" content=\"de_DE\" \/>\n<meta property=\"og:type\" content=\"article\" \/>\n<meta property=\"og:title\" content=\"Plastic fantastic: Der Film \u00fcber unseren Umgang mit Plastikm\u00fcll - auchkomm\" \/>\n<meta property=\"og:description\" content=\"Film \u00fcber Plastikm\u00fcll: In 101 fesselnden Minuten beleuchtet Plastic fantastic die Folgen des wachsenden Plastikverbrauchs. Blog Rezension.\" \/>\n<meta property=\"og:url\" content=\"https:\/\/www.auchkomm.com\/blog\/2024\/02\/19\/plastic-fantastic-der-film-ueber-unseren-umgang-mit-plastikmuell\/\" \/>\n<meta property=\"og:site_name\" content=\"auchkomm\" \/>\n<meta property=\"article:published_time\" content=\"2024-02-19T13:48:55+00:00\" \/>\n<meta property=\"article:modified_time\" content=\"2025-03-18T13:30:54+00:00\" \/>\n<meta property=\"og:image\" content=\"https:\/\/www.auchkomm.com\/blog\/wp-content\/uploads\/2024\/02\/Plastic_Fantastic_Plakat_rgb-1.jpeg\" \/>\n\t<meta property=\"og:image:width\" content=\"834\" \/>\n\t<meta property=\"og:image:height\" content=\"1181\" \/>\n\t<meta property=\"og:image:type\" content=\"image\/jpeg\" \/>\n<meta name=\"author\" content=\"F. Stephan Auch\" \/>\n<meta name=\"twitter:card\" content=\"summary_large_image\" \/>\n<meta name=\"twitter:label1\" content=\"Verfasst von\" \/>\n\t<meta name=\"twitter:data1\" content=\"F. Stephan Auch\" \/>\n\t<meta name=\"twitter:label2\" content=\"Gesch\u00e4tzte Lesezeit\" \/>\n\t<meta name=\"twitter:data2\" content=\"9\u00a0Minuten\" \/>\n<script type=\"application\/ld+json\" class=\"yoast-schema-graph\">{\"@context\":\"https:\\\/\\\/schema.org\",\"@graph\":[{\"@type\":\"Article\",\"@id\":\"https:\\\/\\\/www.auchkomm.com\\\/blog\\\/2024\\\/02\\\/19\\\/plastic-fantastic-der-film-ueber-unseren-umgang-mit-plastikmuell\\\/#article\",\"isPartOf\":{\"@id\":\"https:\\\/\\\/www.auchkomm.com\\\/blog\\\/2024\\\/02\\\/19\\\/plastic-fantastic-der-film-ueber-unseren-umgang-mit-plastikmuell\\\/\"},\"author\":{\"name\":\"F. Stephan Auch\",\"@id\":\"https:\\\/\\\/www.auchkomm.com\\\/blog\\\/#\\\/schema\\\/person\\\/6de8005ad68760ca83b1dc1148352c63\"},\"headline\":\"Plastic fantastic: Der Film \u00fcber unseren Umgang mit Plastikm\u00fcll\",\"datePublished\":\"2024-02-19T13:48:55+00:00\",\"dateModified\":\"2025-03-18T13:30:54+00:00\",\"mainEntityOfPage\":{\"@id\":\"https:\\\/\\\/www.auchkomm.com\\\/blog\\\/2024\\\/02\\\/19\\\/plastic-fantastic-der-film-ueber-unseren-umgang-mit-plastikmuell\\\/\"},\"wordCount\":1250,\"commentCount\":0,\"publisher\":{\"@id\":\"https:\\\/\\\/www.auchkomm.com\\\/blog\\\/#organization\"},\"image\":{\"@id\":\"https:\\\/\\\/www.auchkomm.com\\\/blog\\\/2024\\\/02\\\/19\\\/plastic-fantastic-der-film-ueber-unseren-umgang-mit-plastikmuell\\\/#primaryimage\"},\"thumbnailUrl\":\"https:\\\/\\\/www.auchkomm.com\\\/blog\\\/wp-content\\\/uploads\\\/2024\\\/02\\\/Plastic_Fantastic_Plakat_rgb-1-723x1024.jpeg\",\"keywords\":[\"Doku\",\"Dokumentarfilm\",\"Kreislaufwirtschaft\",\"Kunststoffrecycling\",\"Kuststoff\",\"Plastic fantastic\",\"Plastik\",\"Plastikabfall\",\"Plastikm\u00fcll\",\"Plastikrecycling\"],\"articleSection\":[\"Kunststoffe\"],\"inLanguage\":\"de\",\"potentialAction\":[{\"@type\":\"CommentAction\",\"name\":\"Comment\",\"target\":[\"https:\\\/\\\/www.auchkomm.com\\\/blog\\\/2024\\\/02\\\/19\\\/plastic-fantastic-der-film-ueber-unseren-umgang-mit-plastikmuell\\\/#respond\"]}]},{\"@type\":\"WebPage\",\"@id\":\"https:\\\/\\\/www.auchkomm.com\\\/blog\\\/2024\\\/02\\\/19\\\/plastic-fantastic-der-film-ueber-unseren-umgang-mit-plastikmuell\\\/\",\"url\":\"https:\\\/\\\/www.auchkomm.com\\\/blog\\\/2024\\\/02\\\/19\\\/plastic-fantastic-der-film-ueber-unseren-umgang-mit-plastikmuell\\\/\",\"name\":\"Plastic fantastic: Der Film \u00fcber unseren Umgang mit Plastikm\u00fcll - auchkomm\",\"isPartOf\":{\"@id\":\"https:\\\/\\\/www.auchkomm.com\\\/blog\\\/#website\"},\"primaryImageOfPage\":{\"@id\":\"https:\\\/\\\/www.auchkomm.com\\\/blog\\\/2024\\\/02\\\/19\\\/plastic-fantastic-der-film-ueber-unseren-umgang-mit-plastikmuell\\\/#primaryimage\"},\"image\":{\"@id\":\"https:\\\/\\\/www.auchkomm.com\\\/blog\\\/2024\\\/02\\\/19\\\/plastic-fantastic-der-film-ueber-unseren-umgang-mit-plastikmuell\\\/#primaryimage\"},\"thumbnailUrl\":\"https:\\\/\\\/www.auchkomm.com\\\/blog\\\/wp-content\\\/uploads\\\/2024\\\/02\\\/Plastic_Fantastic_Plakat_rgb-1-723x1024.jpeg\",\"datePublished\":\"2024-02-19T13:48:55+00:00\",\"dateModified\":\"2025-03-18T13:30:54+00:00\",\"description\":\"Film \u00fcber Plastikm\u00fcll: In 101 fesselnden Minuten beleuchtet Plastic fantastic die Folgen des wachsenden Plastikverbrauchs. Blog Rezension.\",\"breadcrumb\":{\"@id\":\"https:\\\/\\\/www.auchkomm.com\\\/blog\\\/2024\\\/02\\\/19\\\/plastic-fantastic-der-film-ueber-unseren-umgang-mit-plastikmuell\\\/#breadcrumb\"},\"inLanguage\":\"de\",\"potentialAction\":[{\"@type\":\"ReadAction\",\"target\":[\"https:\\\/\\\/www.auchkomm.com\\\/blog\\\/2024\\\/02\\\/19\\\/plastic-fantastic-der-film-ueber-unseren-umgang-mit-plastikmuell\\\/\"]}]},{\"@type\":\"ImageObject\",\"inLanguage\":\"de\",\"@id\":\"https:\\\/\\\/www.auchkomm.com\\\/blog\\\/2024\\\/02\\\/19\\\/plastic-fantastic-der-film-ueber-unseren-umgang-mit-plastikmuell\\\/#primaryimage\",\"url\":\"https:\\\/\\\/www.auchkomm.com\\\/blog\\\/wp-content\\\/uploads\\\/2024\\\/02\\\/Plastic_Fantastic_Plakat_rgb-1.jpeg\",\"contentUrl\":\"https:\\\/\\\/www.auchkomm.com\\\/blog\\\/wp-content\\\/uploads\\\/2024\\\/02\\\/Plastic_Fantastic_Plakat_rgb-1.jpeg\",\"width\":834,\"height\":1181},{\"@type\":\"BreadcrumbList\",\"@id\":\"https:\\\/\\\/www.auchkomm.com\\\/blog\\\/2024\\\/02\\\/19\\\/plastic-fantastic-der-film-ueber-unseren-umgang-mit-plastikmuell\\\/#breadcrumb\",\"itemListElement\":[{\"@type\":\"ListItem\",\"position\":1,\"name\":\"Startseite\",\"item\":\"https:\\\/\\\/www.auchkomm.com\\\/blog\\\/\"},{\"@type\":\"ListItem\",\"position\":2,\"name\":\"Plastic fantastic: Der Film \u00fcber unseren Umgang mit Plastikm\u00fcll\"}]},{\"@type\":\"WebSite\",\"@id\":\"https:\\\/\\\/www.auchkomm.com\\\/blog\\\/#website\",\"url\":\"https:\\\/\\\/www.auchkomm.com\\\/blog\\\/\",\"name\":\"Auchkomm Blog\",\"description\":\"Sprache in Wirtschaft und Technik\",\"publisher\":{\"@id\":\"https:\\\/\\\/www.auchkomm.com\\\/blog\\\/#organization\"},\"potentialAction\":[{\"@type\":\"SearchAction\",\"target\":{\"@type\":\"EntryPoint\",\"urlTemplate\":\"https:\\\/\\\/www.auchkomm.com\\\/blog\\\/?s={search_term_string}\"},\"query-input\":{\"@type\":\"PropertyValueSpecification\",\"valueRequired\":true,\"valueName\":\"search_term_string\"}}],\"inLanguage\":\"de\"},{\"@type\":\"Organization\",\"@id\":\"https:\\\/\\\/www.auchkomm.com\\\/blog\\\/#organization\",\"name\":\"auchkomm Unternehmenskommunikation\",\"url\":\"https:\\\/\\\/www.auchkomm.com\\\/blog\\\/\",\"logo\":{\"@type\":\"ImageObject\",\"inLanguage\":\"de\",\"@id\":\"https:\\\/\\\/www.auchkomm.com\\\/blog\\\/#\\\/schema\\\/logo\\\/image\\\/\",\"url\":\"https:\\\/\\\/www.auchkomm.com\\\/blog\\\/wp-content\\\/uploads\\\/2020\\\/10\\\/bb_auchkomm_logo.jpg\",\"contentUrl\":\"https:\\\/\\\/www.auchkomm.com\\\/blog\\\/wp-content\\\/uploads\\\/2020\\\/10\\\/bb_auchkomm_logo.jpg\",\"width\":673,\"height\":189,\"caption\":\"auchkomm Unternehmenskommunikation\"},\"image\":{\"@id\":\"https:\\\/\\\/www.auchkomm.com\\\/blog\\\/#\\\/schema\\\/logo\\\/image\\\/\"}},{\"@type\":\"Person\",\"@id\":\"https:\\\/\\\/www.auchkomm.com\\\/blog\\\/#\\\/schema\\\/person\\\/6de8005ad68760ca83b1dc1148352c63\",\"name\":\"F. Stephan Auch\",\"description\":\"F. Stephan Auch, Journalist und Diplom-Regionalwissenschaftler, hat in K\u00f6ln und Madrid Volkswirtschaftslehre, Politikwissenschaften, Spanisch und Geschichte studiert. Er ist leidenschaftlicher Journalist, Berater f\u00fcr Unternehmenskommunikation sowie zertifizierter Web-Analyst und Manager Suchmaschinenmarketing. auchkomm ist eine von ihm 2001 gegr\u00fcndete, N\u00fcrnberger PR-Agentur, die mittelst\u00e4ndische Unternehmen bei der Planung, Konzeption und Umsetzung von integrierten Ma\u00dfnahmen der Presse- und \u00d6ffentlichkeitsarbeit betreut.\",\"sameAs\":[\"http:\\\/\\\/www.auchkomm.com\"]}]}<\/script>\n<!-- \/ Yoast SEO plugin. -->","yoast_head_json":{"title":"Plastic fantastic: Der Film \u00fcber unseren Umgang mit Plastikm\u00fcll - auchkomm","description":"Film \u00fcber Plastikm\u00fcll: In 101 fesselnden Minuten beleuchtet Plastic fantastic die Folgen des wachsenden Plastikverbrauchs. Blog Rezension.","robots":{"index":"index","follow":"follow","max-snippet":"max-snippet:-1","max-image-preview":"max-image-preview:large","max-video-preview":"max-video-preview:-1"},"canonical":"https:\/\/www.auchkomm.com\/blog\/2024\/02\/19\/plastic-fantastic-der-film-ueber-unseren-umgang-mit-plastikmuell\/","og_locale":"de_DE","og_type":"article","og_title":"Plastic fantastic: Der Film \u00fcber unseren Umgang mit Plastikm\u00fcll - auchkomm","og_description":"Film \u00fcber Plastikm\u00fcll: In 101 fesselnden Minuten beleuchtet Plastic fantastic die Folgen des wachsenden Plastikverbrauchs. Blog Rezension.","og_url":"https:\/\/www.auchkomm.com\/blog\/2024\/02\/19\/plastic-fantastic-der-film-ueber-unseren-umgang-mit-plastikmuell\/","og_site_name":"auchkomm","article_published_time":"2024-02-19T13:48:55+00:00","article_modified_time":"2025-03-18T13:30:54+00:00","og_image":[{"width":834,"height":1181,"url":"https:\/\/www.auchkomm.com\/blog\/wp-content\/uploads\/2024\/02\/Plastic_Fantastic_Plakat_rgb-1.jpeg","type":"image\/jpeg"}],"author":"F. Stephan Auch","twitter_card":"summary_large_image","twitter_misc":{"Verfasst von":"F. Stephan Auch","Gesch\u00e4tzte Lesezeit":"9\u00a0Minuten"},"schema":{"@context":"https:\/\/schema.org","@graph":[{"@type":"Article","@id":"https:\/\/www.auchkomm.com\/blog\/2024\/02\/19\/plastic-fantastic-der-film-ueber-unseren-umgang-mit-plastikmuell\/#article","isPartOf":{"@id":"https:\/\/www.auchkomm.com\/blog\/2024\/02\/19\/plastic-fantastic-der-film-ueber-unseren-umgang-mit-plastikmuell\/"},"author":{"name":"F. Stephan Auch","@id":"https:\/\/www.auchkomm.com\/blog\/#\/schema\/person\/6de8005ad68760ca83b1dc1148352c63"},"headline":"Plastic fantastic: Der Film \u00fcber unseren Umgang mit Plastikm\u00fcll","datePublished":"2024-02-19T13:48:55+00:00","dateModified":"2025-03-18T13:30:54+00:00","mainEntityOfPage":{"@id":"https:\/\/www.auchkomm.com\/blog\/2024\/02\/19\/plastic-fantastic-der-film-ueber-unseren-umgang-mit-plastikmuell\/"},"wordCount":1250,"commentCount":0,"publisher":{"@id":"https:\/\/www.auchkomm.com\/blog\/#organization"},"image":{"@id":"https:\/\/www.auchkomm.com\/blog\/2024\/02\/19\/plastic-fantastic-der-film-ueber-unseren-umgang-mit-plastikmuell\/#primaryimage"},"thumbnailUrl":"https:\/\/www.auchkomm.com\/blog\/wp-content\/uploads\/2024\/02\/Plastic_Fantastic_Plakat_rgb-1-723x1024.jpeg","keywords":["Doku","Dokumentarfilm","Kreislaufwirtschaft","Kunststoffrecycling","Kuststoff","Plastic fantastic","Plastik","Plastikabfall","Plastikm\u00fcll","Plastikrecycling"],"articleSection":["Kunststoffe"],"inLanguage":"de","potentialAction":[{"@type":"CommentAction","name":"Comment","target":["https:\/\/www.auchkomm.com\/blog\/2024\/02\/19\/plastic-fantastic-der-film-ueber-unseren-umgang-mit-plastikmuell\/#respond"]}]},{"@type":"WebPage","@id":"https:\/\/www.auchkomm.com\/blog\/2024\/02\/19\/plastic-fantastic-der-film-ueber-unseren-umgang-mit-plastikmuell\/","url":"https:\/\/www.auchkomm.com\/blog\/2024\/02\/19\/plastic-fantastic-der-film-ueber-unseren-umgang-mit-plastikmuell\/","name":"Plastic fantastic: Der Film \u00fcber unseren Umgang mit Plastikm\u00fcll - auchkomm","isPartOf":{"@id":"https:\/\/www.auchkomm.com\/blog\/#website"},"primaryImageOfPage":{"@id":"https:\/\/www.auchkomm.com\/blog\/2024\/02\/19\/plastic-fantastic-der-film-ueber-unseren-umgang-mit-plastikmuell\/#primaryimage"},"image":{"@id":"https:\/\/www.auchkomm.com\/blog\/2024\/02\/19\/plastic-fantastic-der-film-ueber-unseren-umgang-mit-plastikmuell\/#primaryimage"},"thumbnailUrl":"https:\/\/www.auchkomm.com\/blog\/wp-content\/uploads\/2024\/02\/Plastic_Fantastic_Plakat_rgb-1-723x1024.jpeg","datePublished":"2024-02-19T13:48:55+00:00","dateModified":"2025-03-18T13:30:54+00:00","description":"Film \u00fcber Plastikm\u00fcll: In 101 fesselnden Minuten beleuchtet Plastic fantastic die Folgen des wachsenden Plastikverbrauchs. Blog Rezension.","breadcrumb":{"@id":"https:\/\/www.auchkomm.com\/blog\/2024\/02\/19\/plastic-fantastic-der-film-ueber-unseren-umgang-mit-plastikmuell\/#breadcrumb"},"inLanguage":"de","potentialAction":[{"@type":"ReadAction","target":["https:\/\/www.auchkomm.com\/blog\/2024\/02\/19\/plastic-fantastic-der-film-ueber-unseren-umgang-mit-plastikmuell\/"]}]},{"@type":"ImageObject","inLanguage":"de","@id":"https:\/\/www.auchkomm.com\/blog\/2024\/02\/19\/plastic-fantastic-der-film-ueber-unseren-umgang-mit-plastikmuell\/#primaryimage","url":"https:\/\/www.auchkomm.com\/blog\/wp-content\/uploads\/2024\/02\/Plastic_Fantastic_Plakat_rgb-1.jpeg","contentUrl":"https:\/\/www.auchkomm.com\/blog\/wp-content\/uploads\/2024\/02\/Plastic_Fantastic_Plakat_rgb-1.jpeg","width":834,"height":1181},{"@type":"BreadcrumbList","@id":"https:\/\/www.auchkomm.com\/blog\/2024\/02\/19\/plastic-fantastic-der-film-ueber-unseren-umgang-mit-plastikmuell\/#breadcrumb","itemListElement":[{"@type":"ListItem","position":1,"name":"Startseite","item":"https:\/\/www.auchkomm.com\/blog\/"},{"@type":"ListItem","position":2,"name":"Plastic fantastic: Der Film \u00fcber unseren Umgang mit Plastikm\u00fcll"}]},{"@type":"WebSite","@id":"https:\/\/www.auchkomm.com\/blog\/#website","url":"https:\/\/www.auchkomm.com\/blog\/","name":"Auchkomm Blog","description":"Sprache in Wirtschaft und Technik","publisher":{"@id":"https:\/\/www.auchkomm.com\/blog\/#organization"},"potentialAction":[{"@type":"SearchAction","target":{"@type":"EntryPoint","urlTemplate":"https:\/\/www.auchkomm.com\/blog\/?s={search_term_string}"},"query-input":{"@type":"PropertyValueSpecification","valueRequired":true,"valueName":"search_term_string"}}],"inLanguage":"de"},{"@type":"Organization","@id":"https:\/\/www.auchkomm.com\/blog\/#organization","name":"auchkomm Unternehmenskommunikation","url":"https:\/\/www.auchkomm.com\/blog\/","logo":{"@type":"ImageObject","inLanguage":"de","@id":"https:\/\/www.auchkomm.com\/blog\/#\/schema\/logo\/image\/","url":"https:\/\/www.auchkomm.com\/blog\/wp-content\/uploads\/2020\/10\/bb_auchkomm_logo.jpg","contentUrl":"https:\/\/www.auchkomm.com\/blog\/wp-content\/uploads\/2020\/10\/bb_auchkomm_logo.jpg","width":673,"height":189,"caption":"auchkomm Unternehmenskommunikation"},"image":{"@id":"https:\/\/www.auchkomm.com\/blog\/#\/schema\/logo\/image\/"}},{"@type":"Person","@id":"https:\/\/www.auchkomm.com\/blog\/#\/schema\/person\/6de8005ad68760ca83b1dc1148352c63","name":"F. Stephan Auch","description":"F. Stephan Auch, Journalist und Diplom-Regionalwissenschaftler, hat in K\u00f6ln und Madrid Volkswirtschaftslehre, Politikwissenschaften, Spanisch und Geschichte studiert. Er ist leidenschaftlicher Journalist, Berater f\u00fcr Unternehmenskommunikation sowie zertifizierter Web-Analyst und Manager Suchmaschinenmarketing. auchkomm ist eine von ihm 2001 gegr\u00fcndete, N\u00fcrnberger PR-Agentur, die mittelst\u00e4ndische Unternehmen bei der Planung, Konzeption und Umsetzung von integrierten Ma\u00dfnahmen der Presse- und \u00d6ffentlichkeitsarbeit betreut.","sameAs":["http:\/\/www.auchkomm.com"]}]}},"_links":{"self":[{"href":"https:\/\/www.auchkomm.com\/blog\/wp-json\/wp\/v2\/posts\/1159","targetHints":{"allow":["GET"]}}],"collection":[{"href":"https:\/\/www.auchkomm.com\/blog\/wp-json\/wp\/v2\/posts"}],"about":[{"href":"https:\/\/www.auchkomm.com\/blog\/wp-json\/wp\/v2\/types\/post"}],"author":[{"embeddable":true,"href":"https:\/\/www.auchkomm.com\/blog\/wp-json\/wp\/v2\/users\/2"}],"replies":[{"embeddable":true,"href":"https:\/\/www.auchkomm.com\/blog\/wp-json\/wp\/v2\/comments?post=1159"}],"version-history":[{"count":18,"href":"https:\/\/www.auchkomm.com\/blog\/wp-json\/wp\/v2\/posts\/1159\/revisions"}],"predecessor-version":[{"id":1246,"href":"https:\/\/www.auchkomm.com\/blog\/wp-json\/wp\/v2\/posts\/1159\/revisions\/1246"}],"wp:attachment":[{"href":"https:\/\/www.auchkomm.com\/blog\/wp-json\/wp\/v2\/media?parent=1159"}],"wp:term":[{"taxonomy":"category","embeddable":true,"href":"https:\/\/www.auchkomm.com\/blog\/wp-json\/wp\/v2\/categories?post=1159"},{"taxonomy":"post_tag","embeddable":true,"href":"https:\/\/www.auchkomm.com\/blog\/wp-json\/wp\/v2\/tags?post=1159"}],"curies":[{"name":"wp","href":"https:\/\/api.w.org\/{rel}","templated":true}]}}