{"id":24,"date":"2010-05-10T09:44:22","date_gmt":"2010-05-10T09:44:22","guid":{"rendered":"http:\/\/auchkomm.artur.eu\/?p=24"},"modified":"2021-01-02T17:27:20","modified_gmt":"2021-01-02T17:27:20","slug":"pr-sprache-ein-neuer-blog","status":"publish","type":"post","link":"https:\/\/www.auchkomm.com\/blog\/2010\/05\/10\/pr-sprache-ein-neuer-blog\/","title":{"rendered":"auchkomm Blog &#8211; Sprache in Wirtschaft und Technik"},"content":{"rendered":"<h2>Ein neuer Blog zu PR-Sprache in Wirtschaft und Technik<\/h2>\n<p><a href=\"https:\/\/www.auchkomm.com\/blog\/wp-content\/uploads\/2010\/05\/wordpress-265132_1280.jpg\"><img loading=\"lazy\" decoding=\"async\" class=\"alignnone  wp-image-927\" src=\"https:\/\/www.auchkomm.com\/blog\/wp-content\/uploads\/2010\/05\/wordpress-265132_1280-300x200.jpg\" alt=\"\" width=\"581\" height=\"387\" srcset=\"https:\/\/www.auchkomm.com\/blog\/wp-content\/uploads\/2010\/05\/wordpress-265132_1280-300x200.jpg 300w, https:\/\/www.auchkomm.com\/blog\/wp-content\/uploads\/2010\/05\/wordpress-265132_1280-1024x682.jpg 1024w, https:\/\/www.auchkomm.com\/blog\/wp-content\/uploads\/2010\/05\/wordpress-265132_1280-768x512.jpg 768w, https:\/\/www.auchkomm.com\/blog\/wp-content\/uploads\/2010\/05\/wordpress-265132_1280.jpg 1280w\" sizes=\"auto, (max-width: 581px) 100vw, 581px\" \/><\/a><\/p>\n<p>Mir ist es wichtig, dass Unternehmen eine gute Sprache benutzen. Egal, ob sie \u00fcber Wirtschaft, Technik und Service berichten.<!--more-->&#8222;PR-Sprache&#8220; &#8211; das Wort hat keinen guten Klang. Damit verbindet man werbende und verschleiernde Marketingtexte, die als &#8222;Pressemitteilungen&#8220; verkleidet an Redaktionen versendet werden. Wo sie dann Journalisten nerven, die sie flugs in den Papierkorb bef\u00f6rdern. &#8222;PR-Sprache&#8220; wird auch in Gesch\u00e4ftsberichten, Unternehmenbrosch\u00fcren und auf Internetseiten eingesetzt. Dort soll sie abzulenken und besch\u00f6nigen. &#8222;PR-Sprache&#8220; verwenden Werber, die sich auch &#8222;PR-Gags&#8220; ausdenken.<\/p>\n<h3>&#8222;PR-Sprache&#8220; und &#8222;Pressearbeit von Unternehmen&#8220;<\/h3>\n<p>Richtig verstandene und gut gemachte Pressearbeit kann f\u00fcr Unternehmen ein erfolgreiches Instrument sein. Damit k\u00f6nnen sie auf Produkte, Dienstleistungen, Innovationen und andere Leistungen aufmerksam machen. Das gelingt, wenn sie sachlich und informativ im Inhalt, journalistisch in der Sprache und interessant bei der Themenwahl sind. Dann tragen Pressetexte, Anwenderberichte, Journalistengespr\u00e4che und Messepr\u00e4sentationen dazu bei, den Vertrieb, die Imagebildung und das Verst\u00e4ndnis \u00fcber Unternehmen zu f\u00f6rdern.&nbsp; Erfolgreiche Pressearbeit liefert Informationen.<\/p>\n<h3><strong>Der Leser wird f\u00fcr dumm verkauft<\/strong><\/h3>\n<p>&#8222;PR-Sprache&#8220; und die dahinter stehende Einstellung machen das Gegenteil:&nbsp; Sie bauschen auf, lenken ab, t\u00e4uschen vor. Der Leser soll nicht informiert, sondern geblendet werden. Wenn der Inhalt nicht \u00fcberzeugt oder der Schreiber dies bef\u00fcrchtet, dann helfen nur noch Superlative. Die Haltung dahinter: Der Empf\u00e4nger ist zu dumm, um die Bedeutung einer echten Nachricht zu erkennen. Deshalb wird diese marktschreierisch \u00fcberh\u00f6ht. Gibt es einmal keine Neuigkeit zu vermelden, wird der dumme Leser das schon nicht merken. Daf\u00fcr werden geschraubte Formulierungen, nichtssagende Floskeln und rei\u00dfereische Aussagen verwendet.<\/p>\n<h3>Was erfolgreiche Pressearbeit ausmacht<strong><br \/>\n<\/strong><\/h3>\n<p>Ich halte Pressearbeit f\u00fcr wichtig. Unternehmen, die ich hierbei unterst\u00fctze, nutzen dieses Instrument erfolgreich. Mich st\u00f6rt es, wenn der Kontakt zu einem Journalisten deshalb m\u00fchevoll ist,&nbsp; weil dieser schlechte Erfahrungen mit anderen Unternehmen gehabt hat. Das erschwert mir ein St\u00fcck weit die Arbeit. Diese M\u00fche dauert solange, bis ich den Journalisten davon \u00fcberzeugt habe, dass er von Pressemitteilungen meiner Kunden einen Nutzen hat. Indem er dadurch Anregungen zu anderen Themen bekommt, Neues \u00fcber Innovationen aus einer f\u00fcr ihn interessanten Branche erf\u00e4hrt, Beispiele erfolgreicher Probleml\u00f6sungen kennenlernt. Denn wer sich zu einer Servicehaltung entschlie\u00dft und Journalisten als Kunden behandelt, baut schnell eine gute Zusammenarbeit auf.<\/p>\n<h3>Wof\u00fcr soll ein Blog &#8222;PR-Sprache&#8220; gut sein?<\/h3>\n<p>Mir ist es wichtig, dass Unternehmen eine gute Sprache benutzen. Egal, ob sie \u00fcber Wirtschaft, Technik und Service berichten. Leider gibt es genug Negativbeispiele. Mit diesem Blog m\u00f6chte ich auf solche Mi\u00dfst\u00e4nde aufmerksam machen, gleichzeitig aber auch positive Beispiele hervorheben und beides zur Diskussion und Kommentierung stellen. Damit sich vielleicht etwas \u00e4ndert.<\/p>\n<p>\u00dcber Hinweise, Beispiele, Anregungen und Ideen an <a href=\"mailto: info@auchkomm.de\">info@auchkomm.de<\/a> &nbsp;&nbsp;&nbsp;freue ich mich.<\/p>\n","protected":false},"excerpt":{"rendered":"<p>&#8222;PR-Sprache&#8220; klingt nach verschleierndem Marketingdeutsch, das als &#8222;Pressemitteilung&#8220; versendet wird. F. Stephan Auch fordert einen Wandel.<\/p>\n","protected":false},"author":2,"featured_media":0,"comment_status":"open","ping_status":"open","sticky":false,"template":"","format":"standard","meta":{"footnotes":""},"categories":[13],"tags":[144],"class_list":["post-24","post","type-post","status-publish","format-standard","hentry","category-pr-sprache","tag-pr-sprache"],"yoast_head":"<!-- This site is optimized with the Yoast SEO plugin v27.5 - https:\/\/yoast.com\/product\/yoast-seo-wordpress\/ -->\n<title>auchkomm Blog - Sprache in Wirtschaft und Technik<\/title>\n<meta name=\"description\" content=\"&quot;PR-Sprache&quot; klingt nach verschleierndem Marketingdeutsch, das als &quot;Pressemitteilung&quot; versendet wird. F. Stephan Auch fordert einen Wandel.\" \/>\n<meta name=\"robots\" content=\"index, follow, max-snippet:-1, max-image-preview:large, max-video-preview:-1\" \/>\n<link rel=\"canonical\" href=\"https:\/\/www.auchkomm.com\/blog\/2010\/05\/10\/pr-sprache-ein-neuer-blog\/\" \/>\n<meta property=\"og:locale\" content=\"de_DE\" \/>\n<meta property=\"og:type\" content=\"article\" \/>\n<meta property=\"og:title\" content=\"auchkomm Blog - Sprache in Wirtschaft und Technik\" \/>\n<meta property=\"og:description\" content=\"&quot;PR-Sprache&quot; klingt nach verschleierndem Marketingdeutsch, das als &quot;Pressemitteilung&quot; versendet wird. F. Stephan Auch fordert einen Wandel.\" \/>\n<meta property=\"og:url\" content=\"https:\/\/www.auchkomm.com\/blog\/2010\/05\/10\/pr-sprache-ein-neuer-blog\/\" \/>\n<meta property=\"og:site_name\" content=\"auchkomm\" \/>\n<meta property=\"article:published_time\" content=\"2010-05-10T09:44:22+00:00\" \/>\n<meta property=\"article:modified_time\" content=\"2021-01-02T17:27:20+00:00\" \/>\n<meta property=\"og:image\" content=\"https:\/\/www.auchkomm.com\/blog\/wp-content\/uploads\/2010\/05\/wordpress-265132_1280-300x200.jpg\" \/>\n<meta name=\"author\" content=\"F. Stephan Auch\" \/>\n<meta name=\"twitter:card\" content=\"summary_large_image\" \/>\n<meta name=\"twitter:label1\" content=\"Verfasst von\" \/>\n\t<meta name=\"twitter:data1\" content=\"F. Stephan Auch\" \/>\n\t<meta name=\"twitter:label2\" content=\"Gesch\u00e4tzte Lesezeit\" \/>\n\t<meta name=\"twitter:data2\" content=\"2\u00a0Minuten\" \/>\n<script type=\"application\/ld+json\" class=\"yoast-schema-graph\">{\"@context\":\"https:\\\/\\\/schema.org\",\"@graph\":[{\"@type\":\"Article\",\"@id\":\"https:\\\/\\\/www.auchkomm.com\\\/blog\\\/2010\\\/05\\\/10\\\/pr-sprache-ein-neuer-blog\\\/#article\",\"isPartOf\":{\"@id\":\"https:\\\/\\\/www.auchkomm.com\\\/blog\\\/2010\\\/05\\\/10\\\/pr-sprache-ein-neuer-blog\\\/\"},\"author\":{\"name\":\"F. Stephan Auch\",\"@id\":\"https:\\\/\\\/www.auchkomm.com\\\/blog\\\/#\\\/schema\\\/person\\\/6de8005ad68760ca83b1dc1148352c63\"},\"headline\":\"auchkomm Blog &#8211; Sprache in Wirtschaft und Technik\",\"datePublished\":\"2010-05-10T09:44:22+00:00\",\"dateModified\":\"2021-01-02T17:27:20+00:00\",\"mainEntityOfPage\":{\"@id\":\"https:\\\/\\\/www.auchkomm.com\\\/blog\\\/2010\\\/05\\\/10\\\/pr-sprache-ein-neuer-blog\\\/\"},\"wordCount\":475,\"commentCount\":4,\"publisher\":{\"@id\":\"https:\\\/\\\/www.auchkomm.com\\\/blog\\\/#organization\"},\"image\":{\"@id\":\"https:\\\/\\\/www.auchkomm.com\\\/blog\\\/2010\\\/05\\\/10\\\/pr-sprache-ein-neuer-blog\\\/#primaryimage\"},\"thumbnailUrl\":\"https:\\\/\\\/www.auchkomm.com\\\/blog\\\/wp-content\\\/uploads\\\/2010\\\/05\\\/wordpress-265132_1280-300x200.jpg\",\"keywords\":[\"PR-Sprache\"],\"articleSection\":[\"PR-Sprache\"],\"inLanguage\":\"de\",\"potentialAction\":[{\"@type\":\"CommentAction\",\"name\":\"Comment\",\"target\":[\"https:\\\/\\\/www.auchkomm.com\\\/blog\\\/2010\\\/05\\\/10\\\/pr-sprache-ein-neuer-blog\\\/#respond\"]}]},{\"@type\":\"WebPage\",\"@id\":\"https:\\\/\\\/www.auchkomm.com\\\/blog\\\/2010\\\/05\\\/10\\\/pr-sprache-ein-neuer-blog\\\/\",\"url\":\"https:\\\/\\\/www.auchkomm.com\\\/blog\\\/2010\\\/05\\\/10\\\/pr-sprache-ein-neuer-blog\\\/\",\"name\":\"auchkomm Blog - Sprache in Wirtschaft und Technik\",\"isPartOf\":{\"@id\":\"https:\\\/\\\/www.auchkomm.com\\\/blog\\\/#website\"},\"primaryImageOfPage\":{\"@id\":\"https:\\\/\\\/www.auchkomm.com\\\/blog\\\/2010\\\/05\\\/10\\\/pr-sprache-ein-neuer-blog\\\/#primaryimage\"},\"image\":{\"@id\":\"https:\\\/\\\/www.auchkomm.com\\\/blog\\\/2010\\\/05\\\/10\\\/pr-sprache-ein-neuer-blog\\\/#primaryimage\"},\"thumbnailUrl\":\"https:\\\/\\\/www.auchkomm.com\\\/blog\\\/wp-content\\\/uploads\\\/2010\\\/05\\\/wordpress-265132_1280-300x200.jpg\",\"datePublished\":\"2010-05-10T09:44:22+00:00\",\"dateModified\":\"2021-01-02T17:27:20+00:00\",\"description\":\"\\\"PR-Sprache\\\" klingt nach verschleierndem Marketingdeutsch, das als \\\"Pressemitteilung\\\" versendet wird. F. Stephan Auch fordert einen Wandel.\",\"breadcrumb\":{\"@id\":\"https:\\\/\\\/www.auchkomm.com\\\/blog\\\/2010\\\/05\\\/10\\\/pr-sprache-ein-neuer-blog\\\/#breadcrumb\"},\"inLanguage\":\"de\",\"potentialAction\":[{\"@type\":\"ReadAction\",\"target\":[\"https:\\\/\\\/www.auchkomm.com\\\/blog\\\/2010\\\/05\\\/10\\\/pr-sprache-ein-neuer-blog\\\/\"]}]},{\"@type\":\"ImageObject\",\"inLanguage\":\"de\",\"@id\":\"https:\\\/\\\/www.auchkomm.com\\\/blog\\\/2010\\\/05\\\/10\\\/pr-sprache-ein-neuer-blog\\\/#primaryimage\",\"url\":\"https:\\\/\\\/www.auchkomm.com\\\/blog\\\/wp-content\\\/uploads\\\/2010\\\/05\\\/wordpress-265132_1280.jpg\",\"contentUrl\":\"https:\\\/\\\/www.auchkomm.com\\\/blog\\\/wp-content\\\/uploads\\\/2010\\\/05\\\/wordpress-265132_1280.jpg\",\"width\":1280,\"height\":853},{\"@type\":\"BreadcrumbList\",\"@id\":\"https:\\\/\\\/www.auchkomm.com\\\/blog\\\/2010\\\/05\\\/10\\\/pr-sprache-ein-neuer-blog\\\/#breadcrumb\",\"itemListElement\":[{\"@type\":\"ListItem\",\"position\":1,\"name\":\"Startseite\",\"item\":\"https:\\\/\\\/www.auchkomm.com\\\/blog\\\/\"},{\"@type\":\"ListItem\",\"position\":2,\"name\":\"auchkomm Blog &#8211; Sprache in Wirtschaft und Technik\"}]},{\"@type\":\"WebSite\",\"@id\":\"https:\\\/\\\/www.auchkomm.com\\\/blog\\\/#website\",\"url\":\"https:\\\/\\\/www.auchkomm.com\\\/blog\\\/\",\"name\":\"Auchkomm Blog\",\"description\":\"Sprache in Wirtschaft und Technik\",\"publisher\":{\"@id\":\"https:\\\/\\\/www.auchkomm.com\\\/blog\\\/#organization\"},\"potentialAction\":[{\"@type\":\"SearchAction\",\"target\":{\"@type\":\"EntryPoint\",\"urlTemplate\":\"https:\\\/\\\/www.auchkomm.com\\\/blog\\\/?s={search_term_string}\"},\"query-input\":{\"@type\":\"PropertyValueSpecification\",\"valueRequired\":true,\"valueName\":\"search_term_string\"}}],\"inLanguage\":\"de\"},{\"@type\":\"Organization\",\"@id\":\"https:\\\/\\\/www.auchkomm.com\\\/blog\\\/#organization\",\"name\":\"auchkomm Unternehmenskommunikation\",\"url\":\"https:\\\/\\\/www.auchkomm.com\\\/blog\\\/\",\"logo\":{\"@type\":\"ImageObject\",\"inLanguage\":\"de\",\"@id\":\"https:\\\/\\\/www.auchkomm.com\\\/blog\\\/#\\\/schema\\\/logo\\\/image\\\/\",\"url\":\"https:\\\/\\\/www.auchkomm.com\\\/blog\\\/wp-content\\\/uploads\\\/2020\\\/10\\\/bb_auchkomm_logo.jpg\",\"contentUrl\":\"https:\\\/\\\/www.auchkomm.com\\\/blog\\\/wp-content\\\/uploads\\\/2020\\\/10\\\/bb_auchkomm_logo.jpg\",\"width\":673,\"height\":189,\"caption\":\"auchkomm Unternehmenskommunikation\"},\"image\":{\"@id\":\"https:\\\/\\\/www.auchkomm.com\\\/blog\\\/#\\\/schema\\\/logo\\\/image\\\/\"}},{\"@type\":\"Person\",\"@id\":\"https:\\\/\\\/www.auchkomm.com\\\/blog\\\/#\\\/schema\\\/person\\\/6de8005ad68760ca83b1dc1148352c63\",\"name\":\"F. Stephan Auch\",\"description\":\"F. Stephan Auch, Journalist und Diplom-Regionalwissenschaftler, hat in K\u00f6ln und Madrid Volkswirtschaftslehre, Politikwissenschaften, Spanisch und Geschichte studiert. Er ist leidenschaftlicher Journalist, Berater f\u00fcr Unternehmenskommunikation sowie zertifizierter Web-Analyst und Manager Suchmaschinenmarketing. auchkomm ist eine von ihm 2001 gegr\u00fcndete, N\u00fcrnberger PR-Agentur, die mittelst\u00e4ndische Unternehmen bei der Planung, Konzeption und Umsetzung von integrierten Ma\u00dfnahmen der Presse- und \u00d6ffentlichkeitsarbeit betreut.\",\"sameAs\":[\"http:\\\/\\\/www.auchkomm.com\"]}]}<\/script>\n<!-- \/ Yoast SEO plugin. -->","yoast_head_json":{"title":"auchkomm Blog - Sprache in Wirtschaft und Technik","description":"\"PR-Sprache\" klingt nach verschleierndem Marketingdeutsch, das als \"Pressemitteilung\" versendet wird. F. Stephan Auch fordert einen Wandel.","robots":{"index":"index","follow":"follow","max-snippet":"max-snippet:-1","max-image-preview":"max-image-preview:large","max-video-preview":"max-video-preview:-1"},"canonical":"https:\/\/www.auchkomm.com\/blog\/2010\/05\/10\/pr-sprache-ein-neuer-blog\/","og_locale":"de_DE","og_type":"article","og_title":"auchkomm Blog - Sprache in Wirtschaft und Technik","og_description":"\"PR-Sprache\" klingt nach verschleierndem Marketingdeutsch, das als \"Pressemitteilung\" versendet wird. F. Stephan Auch fordert einen Wandel.","og_url":"https:\/\/www.auchkomm.com\/blog\/2010\/05\/10\/pr-sprache-ein-neuer-blog\/","og_site_name":"auchkomm","article_published_time":"2010-05-10T09:44:22+00:00","article_modified_time":"2021-01-02T17:27:20+00:00","og_image":[{"url":"https:\/\/www.auchkomm.com\/blog\/wp-content\/uploads\/2010\/05\/wordpress-265132_1280-300x200.jpg","type":"","width":"","height":""}],"author":"F. Stephan Auch","twitter_card":"summary_large_image","twitter_misc":{"Verfasst von":"F. Stephan Auch","Gesch\u00e4tzte Lesezeit":"2\u00a0Minuten"},"schema":{"@context":"https:\/\/schema.org","@graph":[{"@type":"Article","@id":"https:\/\/www.auchkomm.com\/blog\/2010\/05\/10\/pr-sprache-ein-neuer-blog\/#article","isPartOf":{"@id":"https:\/\/www.auchkomm.com\/blog\/2010\/05\/10\/pr-sprache-ein-neuer-blog\/"},"author":{"name":"F. Stephan Auch","@id":"https:\/\/www.auchkomm.com\/blog\/#\/schema\/person\/6de8005ad68760ca83b1dc1148352c63"},"headline":"auchkomm Blog &#8211; Sprache in Wirtschaft und Technik","datePublished":"2010-05-10T09:44:22+00:00","dateModified":"2021-01-02T17:27:20+00:00","mainEntityOfPage":{"@id":"https:\/\/www.auchkomm.com\/blog\/2010\/05\/10\/pr-sprache-ein-neuer-blog\/"},"wordCount":475,"commentCount":4,"publisher":{"@id":"https:\/\/www.auchkomm.com\/blog\/#organization"},"image":{"@id":"https:\/\/www.auchkomm.com\/blog\/2010\/05\/10\/pr-sprache-ein-neuer-blog\/#primaryimage"},"thumbnailUrl":"https:\/\/www.auchkomm.com\/blog\/wp-content\/uploads\/2010\/05\/wordpress-265132_1280-300x200.jpg","keywords":["PR-Sprache"],"articleSection":["PR-Sprache"],"inLanguage":"de","potentialAction":[{"@type":"CommentAction","name":"Comment","target":["https:\/\/www.auchkomm.com\/blog\/2010\/05\/10\/pr-sprache-ein-neuer-blog\/#respond"]}]},{"@type":"WebPage","@id":"https:\/\/www.auchkomm.com\/blog\/2010\/05\/10\/pr-sprache-ein-neuer-blog\/","url":"https:\/\/www.auchkomm.com\/blog\/2010\/05\/10\/pr-sprache-ein-neuer-blog\/","name":"auchkomm Blog - Sprache in Wirtschaft und Technik","isPartOf":{"@id":"https:\/\/www.auchkomm.com\/blog\/#website"},"primaryImageOfPage":{"@id":"https:\/\/www.auchkomm.com\/blog\/2010\/05\/10\/pr-sprache-ein-neuer-blog\/#primaryimage"},"image":{"@id":"https:\/\/www.auchkomm.com\/blog\/2010\/05\/10\/pr-sprache-ein-neuer-blog\/#primaryimage"},"thumbnailUrl":"https:\/\/www.auchkomm.com\/blog\/wp-content\/uploads\/2010\/05\/wordpress-265132_1280-300x200.jpg","datePublished":"2010-05-10T09:44:22+00:00","dateModified":"2021-01-02T17:27:20+00:00","description":"\"PR-Sprache\" klingt nach verschleierndem Marketingdeutsch, das als \"Pressemitteilung\" versendet wird. F. Stephan Auch fordert einen Wandel.","breadcrumb":{"@id":"https:\/\/www.auchkomm.com\/blog\/2010\/05\/10\/pr-sprache-ein-neuer-blog\/#breadcrumb"},"inLanguage":"de","potentialAction":[{"@type":"ReadAction","target":["https:\/\/www.auchkomm.com\/blog\/2010\/05\/10\/pr-sprache-ein-neuer-blog\/"]}]},{"@type":"ImageObject","inLanguage":"de","@id":"https:\/\/www.auchkomm.com\/blog\/2010\/05\/10\/pr-sprache-ein-neuer-blog\/#primaryimage","url":"https:\/\/www.auchkomm.com\/blog\/wp-content\/uploads\/2010\/05\/wordpress-265132_1280.jpg","contentUrl":"https:\/\/www.auchkomm.com\/blog\/wp-content\/uploads\/2010\/05\/wordpress-265132_1280.jpg","width":1280,"height":853},{"@type":"BreadcrumbList","@id":"https:\/\/www.auchkomm.com\/blog\/2010\/05\/10\/pr-sprache-ein-neuer-blog\/#breadcrumb","itemListElement":[{"@type":"ListItem","position":1,"name":"Startseite","item":"https:\/\/www.auchkomm.com\/blog\/"},{"@type":"ListItem","position":2,"name":"auchkomm Blog &#8211; Sprache in Wirtschaft und Technik"}]},{"@type":"WebSite","@id":"https:\/\/www.auchkomm.com\/blog\/#website","url":"https:\/\/www.auchkomm.com\/blog\/","name":"Auchkomm Blog","description":"Sprache in Wirtschaft und Technik","publisher":{"@id":"https:\/\/www.auchkomm.com\/blog\/#organization"},"potentialAction":[{"@type":"SearchAction","target":{"@type":"EntryPoint","urlTemplate":"https:\/\/www.auchkomm.com\/blog\/?s={search_term_string}"},"query-input":{"@type":"PropertyValueSpecification","valueRequired":true,"valueName":"search_term_string"}}],"inLanguage":"de"},{"@type":"Organization","@id":"https:\/\/www.auchkomm.com\/blog\/#organization","name":"auchkomm Unternehmenskommunikation","url":"https:\/\/www.auchkomm.com\/blog\/","logo":{"@type":"ImageObject","inLanguage":"de","@id":"https:\/\/www.auchkomm.com\/blog\/#\/schema\/logo\/image\/","url":"https:\/\/www.auchkomm.com\/blog\/wp-content\/uploads\/2020\/10\/bb_auchkomm_logo.jpg","contentUrl":"https:\/\/www.auchkomm.com\/blog\/wp-content\/uploads\/2020\/10\/bb_auchkomm_logo.jpg","width":673,"height":189,"caption":"auchkomm Unternehmenskommunikation"},"image":{"@id":"https:\/\/www.auchkomm.com\/blog\/#\/schema\/logo\/image\/"}},{"@type":"Person","@id":"https:\/\/www.auchkomm.com\/blog\/#\/schema\/person\/6de8005ad68760ca83b1dc1148352c63","name":"F. Stephan Auch","description":"F. Stephan Auch, Journalist und Diplom-Regionalwissenschaftler, hat in K\u00f6ln und Madrid Volkswirtschaftslehre, Politikwissenschaften, Spanisch und Geschichte studiert. Er ist leidenschaftlicher Journalist, Berater f\u00fcr Unternehmenskommunikation sowie zertifizierter Web-Analyst und Manager Suchmaschinenmarketing. auchkomm ist eine von ihm 2001 gegr\u00fcndete, N\u00fcrnberger PR-Agentur, die mittelst\u00e4ndische Unternehmen bei der Planung, Konzeption und Umsetzung von integrierten Ma\u00dfnahmen der Presse- und \u00d6ffentlichkeitsarbeit betreut.","sameAs":["http:\/\/www.auchkomm.com"]}]}},"_links":{"self":[{"href":"https:\/\/www.auchkomm.com\/blog\/wp-json\/wp\/v2\/posts\/24","targetHints":{"allow":["GET"]}}],"collection":[{"href":"https:\/\/www.auchkomm.com\/blog\/wp-json\/wp\/v2\/posts"}],"about":[{"href":"https:\/\/www.auchkomm.com\/blog\/wp-json\/wp\/v2\/types\/post"}],"author":[{"embeddable":true,"href":"https:\/\/www.auchkomm.com\/blog\/wp-json\/wp\/v2\/users\/2"}],"replies":[{"embeddable":true,"href":"https:\/\/www.auchkomm.com\/blog\/wp-json\/wp\/v2\/comments?post=24"}],"version-history":[{"count":41,"href":"https:\/\/www.auchkomm.com\/blog\/wp-json\/wp\/v2\/posts\/24\/revisions"}],"predecessor-version":[{"id":1027,"href":"https:\/\/www.auchkomm.com\/blog\/wp-json\/wp\/v2\/posts\/24\/revisions\/1027"}],"wp:attachment":[{"href":"https:\/\/www.auchkomm.com\/blog\/wp-json\/wp\/v2\/media?parent=24"}],"wp:term":[{"taxonomy":"category","embeddable":true,"href":"https:\/\/www.auchkomm.com\/blog\/wp-json\/wp\/v2\/categories?post=24"},{"taxonomy":"post_tag","embeddable":true,"href":"https:\/\/www.auchkomm.com\/blog\/wp-json\/wp\/v2\/tags?post=24"}],"curies":[{"name":"wp","href":"https:\/\/api.w.org\/{rel}","templated":true}]}}