{"id":497,"date":"2016-03-01T14:33:17","date_gmt":"2016-03-01T14:33:17","guid":{"rendered":"http:\/\/blog.auchkomm.eu\/?p=497"},"modified":"2021-08-03T15:47:15","modified_gmt":"2021-08-03T15:47:15","slug":"blablameter-ein-heissluftdetektor-wird-vier-jahre-alt","status":"publish","type":"post","link":"https:\/\/www.auchkomm.com\/blog\/2016\/03\/01\/blablameter-ein-heissluftdetektor-wird-vier-jahre-alt\/","title":{"rendered":"Blablameter \u2013 ein Hei\u00dfluftdetektor wird vier Jahre alt"},"content":{"rendered":"<h2>Eine Internetseite, die \u00fcberfl\u00fcssiges Wortgeklingel aufdeckt<\/h2>\n<p><a href=\"https:\/\/www.auchkomm.com\/blog\/wp-content\/uploads\/2016\/03\/Blablameter_Ausschnitt.jpg\"><img loading=\"lazy\" decoding=\"async\" class=\"alignnone  wp-image-924\" src=\"https:\/\/www.auchkomm.com\/blog\/wp-content\/uploads\/2016\/03\/Blablameter_Ausschnitt-199x300.jpg\" alt=\"\" width=\"575\" height=\"867\" srcset=\"https:\/\/www.auchkomm.com\/blog\/wp-content\/uploads\/2016\/03\/Blablameter_Ausschnitt-199x300.jpg 199w, https:\/\/www.auchkomm.com\/blog\/wp-content\/uploads\/2016\/03\/Blablameter_Ausschnitt.jpg 581w\" sizes=\"auto, (max-width: 575px) 100vw, 575px\" \/><\/a><\/p>\n<p>Hohle Phrasen, aufgebl\u00e4hte S\u00e4tze, unn\u00f6tig komplizierte Satzstrukturen: Manche Texte sind einfach nur unangenehm zu lesen. <!--more-->Wissenschaftler versuchen, sich mit Fremdw\u00f6rtern und Bandwurms\u00e4tzen zu schm\u00fccken, Politiker reden um den hei\u00dfen Brei herum, und Werber \u2013 nun ja, dar\u00fcber wurde sich auf diesem Blog ja schon h\u00e4ufiger beklagt. Ein Webentwickler hatte vor mehr als vier Jahren genug. Seine L\u00f6sung: Er entwickelte eine Internetseite, die \u00fcberfl\u00fcssiges Wortgeklingel auf einen Schlag aufdeckt \u2013 den <a href=\"http:\/\/www.blablameter.de\" target=\"_blank\" rel=\"noopener noreferrer\">Blablameter<\/a>.<\/p>\n<p>Die Website ist simpel aufgebaut: Text einf\u00fcgen, auf \u201eTesten\u201c dr\u00fccken, und schon erscheint ein Indexwert und eine passende Botschaft.<\/p>\n<p>Die kann so aussehen\u2026<\/p>\n<p><em>\u201eIhr Text zeigt schon erste Anzeichen hei\u00dfer Luft. F\u00fcr Werbe- oder PR-Sprache ist das noch ein guter Wert, bei h\u00f6heren Anspr\u00fcchen sollten Sie vielleicht noch ein wenig daran feilen.\u201c<\/em><\/p>\n<p>\u2026 oder bei schlechteren Texten auch einmal so:<\/p>\n<p><em>\u201eSie m\u00fcssen PR-Profi, Politiker, Unternehmensberater oder Universit\u00e4tsprofessor sein! Sollten Sie eine echte Botschaft transportieren wollen, so erscheint es fraglich, ob diese Ihre Leser auch erreicht.\u201c<\/em><\/p>\n<p>\u00dcber die genaue Funktionsweise seines Algorithmus bewahrt der Webentwickler Bernd Wurm nat\u00fcrlich Stillschweigen. Er verr\u00e4t aber, dass ein \u00fcberm\u00e4\u00dfiger Nominalstil als schlecht angesehen wird. Dazu kommt eine \u201eSchwarze Liste\u201c an bestimmten W\u00f6rtern und Formulierungen, die ebenfalls eine schlechtere Wertung ausl\u00f6sen. Dass sich das Wort \u201eeffizient\u201c darunter befindet, hat Wurm preisgegeben, der Gro\u00dfteil aber bleibt im Dunklen. Inhalt und Aufbau der Texte werden nicht gepr\u00fcft. Der sinnfreie Spa\u00dftext oder das Boulevardblatt mit seinen einfachen, pr\u00e4gnanten S\u00e4tzen kann also auch Top-Werte erzielen.<\/p>\n<h3>Hochwertige Texte geh\u00f6ren zur Suchmaschinenoptimierung<\/h3>\n<p>Relevant ist Blablameter trotzdem: Und zwar nicht nur, um seine eigenen Texte besser lesbar zu machen, sondern auch in punkto Suchmaschinenoptimierung. Dass Google \u00fcber einen Algorithmus verf\u00fcgt, der die Qualit\u00e4t von Websitetexten zu messen versucht, ist schon l\u00e4nger bekannt.<\/p>\n<p>John Mueller vom Schweizer Google-Team schrieb 2014: \u201cEs gibt keine minimale L\u00e4nge oder Anzahl an Artikeln, die man t\u00e4glich posten muss, nicht einmal ein Minimum an Seiten auf einer Website. In den meisten F\u00e4llen ist Qualit\u00e4t besser als Quantit\u00e4t. Unsere Algorithmen versuchen ausdr\u00fccklich Websites zu finden und zu empfehlen, die einzigartige Inhalte von hoher Qualit\u00e4t bereitstellen, die f\u00fcr Nutzer unwiderstehlich sind. F\u00fcllt eure Seiten nicht mit Inhalt von geringer Qualit\u00e4t, stellt stattdessen lieber sicher, dass eure Seite die beste ihrer Art ist.\u201c (\u00dcbersetzung durch die Autorin).<\/p>\n<p>Und auch die Betreiber von Blablameter erz\u00e4hlen von Stichprobentests, bei denen Websites mit guter Google-Platzierung h\u00e4ufig auch niedrige Indexwerte erzielt h\u00e4tten.<\/p>\n<h3>Schlechte Texte sprengen die Skala<\/h3>\n<p>F\u00fcr den Test eigener Erg\u00fcsse auf hei\u00dfe Luft braucht man mindestens drei bis f\u00fcnf S\u00e4tze, ab einer L\u00e4nge von 15.000 Zeichen wird der Rest einfach abgeschnitten. So lassen sich eigene Texte, von der Kurzmeldung bis zur Magisterarbeit (diese allerdings in H\u00e4ppchen unterteilt), relativ schnell pr\u00fcfen und auch einzelne schlecht formulierte Passagen sind schnell auffindbar.<\/p>\n<p>Die Indexskala bewegt sich prinzipiell zwischen 0 und 1. Je h\u00f6her der Wert, desto auff\u00e4lliger die Phrasendrescherei. Laut Wurm erhalten gute journalistische Artikel eine Bewertung zwischen 0.1 und 0.3. Mehr deutet auf hei\u00dfe Luft hin, weniger kann bedeuten, dass der Text stilistische M\u00e4ngel aufweist. Krasse F\u00e4lle von PR-Sprache und bandwurmhaften Wissenschaftstexten k\u00f6nnen die Grenze nach oben aber auch durchbrechen, die h\u00f6chsten bisher gemessenen Werte liegen laut Wurm sogar noch \u00fcber 2.0.<\/p>\n<p>Grund genug, seine eigenen Sch\u00f6pfungen mal durchzuchecken. Dieser Blogbeitrag erzielt \u00fcbrigens einen Wert von 0,19 und zeigt damit \u201enur geringe Hinweise auf \u2018Bullshit\u2018-Deutsch\u201c. Puh, noch mal Gl\u00fcck gehabt\u2026<\/p>\n","protected":false},"excerpt":{"rendered":"<p>PR-Sprache im Blablameter. Ein Webentwickler hatte vor mehr als vier Jahren genug von hohlen Phrasen. Seine L\u00f6sung: Er entwickelte eine Internetseite, die \u00fcberfl\u00fcssiges Wortgeklingel auf einen Schlag aufdeckt \u2013 den Blablameter.<\/p>\n","protected":false},"author":2,"featured_media":0,"comment_status":"open","ping_status":"open","sticky":false,"template":"","format":"standard","meta":{"footnotes":""},"categories":[13],"tags":[145],"class_list":["post-497","post","type-post","status-publish","format-standard","hentry","category-pr-sprache","tag-blablameter"],"yoast_head":"<!-- This site is optimized with the Yoast SEO plugin v27.5 - https:\/\/yoast.com\/product\/yoast-seo-wordpress\/ -->\n<title>Blablameter \u2013 ein Hei\u00dfluftdetektor wird vier Jahre alt<\/title>\n<meta name=\"description\" content=\"Blablameter: Ein Webentwickler entwickelte eine Internetseite, die \u00fcberfl\u00fcssiges Wortgeklingel auf einen Schlag aufdeckt. Von auchkomm. %\" \/>\n<meta name=\"robots\" content=\"index, follow, max-snippet:-1, max-image-preview:large, max-video-preview:-1\" \/>\n<link rel=\"canonical\" href=\"https:\/\/www.auchkomm.com\/blog\/2016\/03\/01\/blablameter-ein-heissluftdetektor-wird-vier-jahre-alt\/\" \/>\n<meta property=\"og:locale\" content=\"de_DE\" \/>\n<meta property=\"og:type\" content=\"article\" \/>\n<meta property=\"og:title\" content=\"Blablameter \u2013 ein Hei\u00dfluftdetektor wird vier Jahre alt\" \/>\n<meta property=\"og:description\" content=\"Blablameter: Ein Webentwickler entwickelte eine Internetseite, die \u00fcberfl\u00fcssiges Wortgeklingel auf einen Schlag aufdeckt. Von auchkomm. %\" \/>\n<meta property=\"og:url\" content=\"https:\/\/www.auchkomm.com\/blog\/2016\/03\/01\/blablameter-ein-heissluftdetektor-wird-vier-jahre-alt\/\" \/>\n<meta property=\"og:site_name\" content=\"auchkomm\" \/>\n<meta property=\"article:published_time\" content=\"2016-03-01T14:33:17+00:00\" \/>\n<meta property=\"article:modified_time\" content=\"2021-08-03T15:47:15+00:00\" \/>\n<meta property=\"og:image\" content=\"https:\/\/www.auchkomm.com\/blog\/wp-content\/uploads\/2016\/03\/Blablameter_Ausschnitt-199x300.jpg\" \/>\n<meta name=\"author\" content=\"F. Stephan Auch\" \/>\n<meta name=\"twitter:card\" content=\"summary_large_image\" \/>\n<meta name=\"twitter:label1\" content=\"Verfasst von\" \/>\n\t<meta name=\"twitter:data1\" content=\"F. Stephan Auch\" \/>\n\t<meta name=\"twitter:label2\" content=\"Gesch\u00e4tzte Lesezeit\" \/>\n\t<meta name=\"twitter:data2\" content=\"3\u00a0Minuten\" \/>\n<script type=\"application\/ld+json\" class=\"yoast-schema-graph\">{\"@context\":\"https:\\\/\\\/schema.org\",\"@graph\":[{\"@type\":\"Article\",\"@id\":\"https:\\\/\\\/www.auchkomm.com\\\/blog\\\/2016\\\/03\\\/01\\\/blablameter-ein-heissluftdetektor-wird-vier-jahre-alt\\\/#article\",\"isPartOf\":{\"@id\":\"https:\\\/\\\/www.auchkomm.com\\\/blog\\\/2016\\\/03\\\/01\\\/blablameter-ein-heissluftdetektor-wird-vier-jahre-alt\\\/\"},\"author\":{\"name\":\"F. Stephan Auch\",\"@id\":\"https:\\\/\\\/www.auchkomm.com\\\/blog\\\/#\\\/schema\\\/person\\\/6de8005ad68760ca83b1dc1148352c63\"},\"headline\":\"Blablameter \u2013 ein Hei\u00dfluftdetektor wird vier Jahre alt\",\"datePublished\":\"2016-03-01T14:33:17+00:00\",\"dateModified\":\"2021-08-03T15:47:15+00:00\",\"mainEntityOfPage\":{\"@id\":\"https:\\\/\\\/www.auchkomm.com\\\/blog\\\/2016\\\/03\\\/01\\\/blablameter-ein-heissluftdetektor-wird-vier-jahre-alt\\\/\"},\"wordCount\":613,\"commentCount\":1,\"publisher\":{\"@id\":\"https:\\\/\\\/www.auchkomm.com\\\/blog\\\/#organization\"},\"image\":{\"@id\":\"https:\\\/\\\/www.auchkomm.com\\\/blog\\\/2016\\\/03\\\/01\\\/blablameter-ein-heissluftdetektor-wird-vier-jahre-alt\\\/#primaryimage\"},\"thumbnailUrl\":\"https:\\\/\\\/www.auchkomm.com\\\/blog\\\/wp-content\\\/uploads\\\/2016\\\/03\\\/Blablameter_Ausschnitt-199x300.jpg\",\"keywords\":[\"Blablameter\"],\"articleSection\":[\"PR-Sprache\"],\"inLanguage\":\"de\",\"potentialAction\":[{\"@type\":\"CommentAction\",\"name\":\"Comment\",\"target\":[\"https:\\\/\\\/www.auchkomm.com\\\/blog\\\/2016\\\/03\\\/01\\\/blablameter-ein-heissluftdetektor-wird-vier-jahre-alt\\\/#respond\"]}]},{\"@type\":\"WebPage\",\"@id\":\"https:\\\/\\\/www.auchkomm.com\\\/blog\\\/2016\\\/03\\\/01\\\/blablameter-ein-heissluftdetektor-wird-vier-jahre-alt\\\/\",\"url\":\"https:\\\/\\\/www.auchkomm.com\\\/blog\\\/2016\\\/03\\\/01\\\/blablameter-ein-heissluftdetektor-wird-vier-jahre-alt\\\/\",\"name\":\"Blablameter \u2013 ein Hei\u00dfluftdetektor wird vier Jahre alt\",\"isPartOf\":{\"@id\":\"https:\\\/\\\/www.auchkomm.com\\\/blog\\\/#website\"},\"primaryImageOfPage\":{\"@id\":\"https:\\\/\\\/www.auchkomm.com\\\/blog\\\/2016\\\/03\\\/01\\\/blablameter-ein-heissluftdetektor-wird-vier-jahre-alt\\\/#primaryimage\"},\"image\":{\"@id\":\"https:\\\/\\\/www.auchkomm.com\\\/blog\\\/2016\\\/03\\\/01\\\/blablameter-ein-heissluftdetektor-wird-vier-jahre-alt\\\/#primaryimage\"},\"thumbnailUrl\":\"https:\\\/\\\/www.auchkomm.com\\\/blog\\\/wp-content\\\/uploads\\\/2016\\\/03\\\/Blablameter_Ausschnitt-199x300.jpg\",\"datePublished\":\"2016-03-01T14:33:17+00:00\",\"dateModified\":\"2021-08-03T15:47:15+00:00\",\"description\":\"Blablameter: Ein Webentwickler entwickelte eine Internetseite, die \u00fcberfl\u00fcssiges Wortgeklingel auf einen Schlag aufdeckt. Von auchkomm. %\",\"breadcrumb\":{\"@id\":\"https:\\\/\\\/www.auchkomm.com\\\/blog\\\/2016\\\/03\\\/01\\\/blablameter-ein-heissluftdetektor-wird-vier-jahre-alt\\\/#breadcrumb\"},\"inLanguage\":\"de\",\"potentialAction\":[{\"@type\":\"ReadAction\",\"target\":[\"https:\\\/\\\/www.auchkomm.com\\\/blog\\\/2016\\\/03\\\/01\\\/blablameter-ein-heissluftdetektor-wird-vier-jahre-alt\\\/\"]}]},{\"@type\":\"ImageObject\",\"inLanguage\":\"de\",\"@id\":\"https:\\\/\\\/www.auchkomm.com\\\/blog\\\/2016\\\/03\\\/01\\\/blablameter-ein-heissluftdetektor-wird-vier-jahre-alt\\\/#primaryimage\",\"url\":\"https:\\\/\\\/www.auchkomm.com\\\/blog\\\/wp-content\\\/uploads\\\/2016\\\/03\\\/Blablameter_Ausschnitt.jpg\",\"contentUrl\":\"https:\\\/\\\/www.auchkomm.com\\\/blog\\\/wp-content\\\/uploads\\\/2016\\\/03\\\/Blablameter_Ausschnitt.jpg\",\"width\":581,\"height\":877},{\"@type\":\"BreadcrumbList\",\"@id\":\"https:\\\/\\\/www.auchkomm.com\\\/blog\\\/2016\\\/03\\\/01\\\/blablameter-ein-heissluftdetektor-wird-vier-jahre-alt\\\/#breadcrumb\",\"itemListElement\":[{\"@type\":\"ListItem\",\"position\":1,\"name\":\"Startseite\",\"item\":\"https:\\\/\\\/www.auchkomm.com\\\/blog\\\/\"},{\"@type\":\"ListItem\",\"position\":2,\"name\":\"Blablameter \u2013 ein Hei\u00dfluftdetektor wird vier Jahre alt\"}]},{\"@type\":\"WebSite\",\"@id\":\"https:\\\/\\\/www.auchkomm.com\\\/blog\\\/#website\",\"url\":\"https:\\\/\\\/www.auchkomm.com\\\/blog\\\/\",\"name\":\"Auchkomm Blog\",\"description\":\"Sprache in Wirtschaft und Technik\",\"publisher\":{\"@id\":\"https:\\\/\\\/www.auchkomm.com\\\/blog\\\/#organization\"},\"potentialAction\":[{\"@type\":\"SearchAction\",\"target\":{\"@type\":\"EntryPoint\",\"urlTemplate\":\"https:\\\/\\\/www.auchkomm.com\\\/blog\\\/?s={search_term_string}\"},\"query-input\":{\"@type\":\"PropertyValueSpecification\",\"valueRequired\":true,\"valueName\":\"search_term_string\"}}],\"inLanguage\":\"de\"},{\"@type\":\"Organization\",\"@id\":\"https:\\\/\\\/www.auchkomm.com\\\/blog\\\/#organization\",\"name\":\"auchkomm Unternehmenskommunikation\",\"url\":\"https:\\\/\\\/www.auchkomm.com\\\/blog\\\/\",\"logo\":{\"@type\":\"ImageObject\",\"inLanguage\":\"de\",\"@id\":\"https:\\\/\\\/www.auchkomm.com\\\/blog\\\/#\\\/schema\\\/logo\\\/image\\\/\",\"url\":\"https:\\\/\\\/www.auchkomm.com\\\/blog\\\/wp-content\\\/uploads\\\/2020\\\/10\\\/bb_auchkomm_logo.jpg\",\"contentUrl\":\"https:\\\/\\\/www.auchkomm.com\\\/blog\\\/wp-content\\\/uploads\\\/2020\\\/10\\\/bb_auchkomm_logo.jpg\",\"width\":673,\"height\":189,\"caption\":\"auchkomm Unternehmenskommunikation\"},\"image\":{\"@id\":\"https:\\\/\\\/www.auchkomm.com\\\/blog\\\/#\\\/schema\\\/logo\\\/image\\\/\"}},{\"@type\":\"Person\",\"@id\":\"https:\\\/\\\/www.auchkomm.com\\\/blog\\\/#\\\/schema\\\/person\\\/6de8005ad68760ca83b1dc1148352c63\",\"name\":\"F. Stephan Auch\",\"description\":\"F. Stephan Auch, Journalist und Diplom-Regionalwissenschaftler, hat in K\u00f6ln und Madrid Volkswirtschaftslehre, Politikwissenschaften, Spanisch und Geschichte studiert. Er ist leidenschaftlicher Journalist, Berater f\u00fcr Unternehmenskommunikation sowie zertifizierter Web-Analyst und Manager Suchmaschinenmarketing. auchkomm ist eine von ihm 2001 gegr\u00fcndete, N\u00fcrnberger PR-Agentur, die mittelst\u00e4ndische Unternehmen bei der Planung, Konzeption und Umsetzung von integrierten Ma\u00dfnahmen der Presse- und \u00d6ffentlichkeitsarbeit betreut.\",\"sameAs\":[\"http:\\\/\\\/www.auchkomm.com\"]}]}<\/script>\n<!-- \/ Yoast SEO plugin. -->","yoast_head_json":{"title":"Blablameter \u2013 ein Hei\u00dfluftdetektor wird vier Jahre alt","description":"Blablameter: Ein Webentwickler entwickelte eine Internetseite, die \u00fcberfl\u00fcssiges Wortgeklingel auf einen Schlag aufdeckt. Von auchkomm. %","robots":{"index":"index","follow":"follow","max-snippet":"max-snippet:-1","max-image-preview":"max-image-preview:large","max-video-preview":"max-video-preview:-1"},"canonical":"https:\/\/www.auchkomm.com\/blog\/2016\/03\/01\/blablameter-ein-heissluftdetektor-wird-vier-jahre-alt\/","og_locale":"de_DE","og_type":"article","og_title":"Blablameter \u2013 ein Hei\u00dfluftdetektor wird vier Jahre alt","og_description":"Blablameter: Ein Webentwickler entwickelte eine Internetseite, die \u00fcberfl\u00fcssiges Wortgeklingel auf einen Schlag aufdeckt. Von auchkomm. %","og_url":"https:\/\/www.auchkomm.com\/blog\/2016\/03\/01\/blablameter-ein-heissluftdetektor-wird-vier-jahre-alt\/","og_site_name":"auchkomm","article_published_time":"2016-03-01T14:33:17+00:00","article_modified_time":"2021-08-03T15:47:15+00:00","og_image":[{"url":"https:\/\/www.auchkomm.com\/blog\/wp-content\/uploads\/2016\/03\/Blablameter_Ausschnitt-199x300.jpg","type":"","width":"","height":""}],"author":"F. Stephan Auch","twitter_card":"summary_large_image","twitter_misc":{"Verfasst von":"F. Stephan Auch","Gesch\u00e4tzte Lesezeit":"3\u00a0Minuten"},"schema":{"@context":"https:\/\/schema.org","@graph":[{"@type":"Article","@id":"https:\/\/www.auchkomm.com\/blog\/2016\/03\/01\/blablameter-ein-heissluftdetektor-wird-vier-jahre-alt\/#article","isPartOf":{"@id":"https:\/\/www.auchkomm.com\/blog\/2016\/03\/01\/blablameter-ein-heissluftdetektor-wird-vier-jahre-alt\/"},"author":{"name":"F. Stephan Auch","@id":"https:\/\/www.auchkomm.com\/blog\/#\/schema\/person\/6de8005ad68760ca83b1dc1148352c63"},"headline":"Blablameter \u2013 ein Hei\u00dfluftdetektor wird vier Jahre alt","datePublished":"2016-03-01T14:33:17+00:00","dateModified":"2021-08-03T15:47:15+00:00","mainEntityOfPage":{"@id":"https:\/\/www.auchkomm.com\/blog\/2016\/03\/01\/blablameter-ein-heissluftdetektor-wird-vier-jahre-alt\/"},"wordCount":613,"commentCount":1,"publisher":{"@id":"https:\/\/www.auchkomm.com\/blog\/#organization"},"image":{"@id":"https:\/\/www.auchkomm.com\/blog\/2016\/03\/01\/blablameter-ein-heissluftdetektor-wird-vier-jahre-alt\/#primaryimage"},"thumbnailUrl":"https:\/\/www.auchkomm.com\/blog\/wp-content\/uploads\/2016\/03\/Blablameter_Ausschnitt-199x300.jpg","keywords":["Blablameter"],"articleSection":["PR-Sprache"],"inLanguage":"de","potentialAction":[{"@type":"CommentAction","name":"Comment","target":["https:\/\/www.auchkomm.com\/blog\/2016\/03\/01\/blablameter-ein-heissluftdetektor-wird-vier-jahre-alt\/#respond"]}]},{"@type":"WebPage","@id":"https:\/\/www.auchkomm.com\/blog\/2016\/03\/01\/blablameter-ein-heissluftdetektor-wird-vier-jahre-alt\/","url":"https:\/\/www.auchkomm.com\/blog\/2016\/03\/01\/blablameter-ein-heissluftdetektor-wird-vier-jahre-alt\/","name":"Blablameter \u2013 ein Hei\u00dfluftdetektor wird vier Jahre alt","isPartOf":{"@id":"https:\/\/www.auchkomm.com\/blog\/#website"},"primaryImageOfPage":{"@id":"https:\/\/www.auchkomm.com\/blog\/2016\/03\/01\/blablameter-ein-heissluftdetektor-wird-vier-jahre-alt\/#primaryimage"},"image":{"@id":"https:\/\/www.auchkomm.com\/blog\/2016\/03\/01\/blablameter-ein-heissluftdetektor-wird-vier-jahre-alt\/#primaryimage"},"thumbnailUrl":"https:\/\/www.auchkomm.com\/blog\/wp-content\/uploads\/2016\/03\/Blablameter_Ausschnitt-199x300.jpg","datePublished":"2016-03-01T14:33:17+00:00","dateModified":"2021-08-03T15:47:15+00:00","description":"Blablameter: Ein Webentwickler entwickelte eine Internetseite, die \u00fcberfl\u00fcssiges Wortgeklingel auf einen Schlag aufdeckt. Von auchkomm. %","breadcrumb":{"@id":"https:\/\/www.auchkomm.com\/blog\/2016\/03\/01\/blablameter-ein-heissluftdetektor-wird-vier-jahre-alt\/#breadcrumb"},"inLanguage":"de","potentialAction":[{"@type":"ReadAction","target":["https:\/\/www.auchkomm.com\/blog\/2016\/03\/01\/blablameter-ein-heissluftdetektor-wird-vier-jahre-alt\/"]}]},{"@type":"ImageObject","inLanguage":"de","@id":"https:\/\/www.auchkomm.com\/blog\/2016\/03\/01\/blablameter-ein-heissluftdetektor-wird-vier-jahre-alt\/#primaryimage","url":"https:\/\/www.auchkomm.com\/blog\/wp-content\/uploads\/2016\/03\/Blablameter_Ausschnitt.jpg","contentUrl":"https:\/\/www.auchkomm.com\/blog\/wp-content\/uploads\/2016\/03\/Blablameter_Ausschnitt.jpg","width":581,"height":877},{"@type":"BreadcrumbList","@id":"https:\/\/www.auchkomm.com\/blog\/2016\/03\/01\/blablameter-ein-heissluftdetektor-wird-vier-jahre-alt\/#breadcrumb","itemListElement":[{"@type":"ListItem","position":1,"name":"Startseite","item":"https:\/\/www.auchkomm.com\/blog\/"},{"@type":"ListItem","position":2,"name":"Blablameter \u2013 ein Hei\u00dfluftdetektor wird vier Jahre alt"}]},{"@type":"WebSite","@id":"https:\/\/www.auchkomm.com\/blog\/#website","url":"https:\/\/www.auchkomm.com\/blog\/","name":"Auchkomm Blog","description":"Sprache in Wirtschaft und Technik","publisher":{"@id":"https:\/\/www.auchkomm.com\/blog\/#organization"},"potentialAction":[{"@type":"SearchAction","target":{"@type":"EntryPoint","urlTemplate":"https:\/\/www.auchkomm.com\/blog\/?s={search_term_string}"},"query-input":{"@type":"PropertyValueSpecification","valueRequired":true,"valueName":"search_term_string"}}],"inLanguage":"de"},{"@type":"Organization","@id":"https:\/\/www.auchkomm.com\/blog\/#organization","name":"auchkomm Unternehmenskommunikation","url":"https:\/\/www.auchkomm.com\/blog\/","logo":{"@type":"ImageObject","inLanguage":"de","@id":"https:\/\/www.auchkomm.com\/blog\/#\/schema\/logo\/image\/","url":"https:\/\/www.auchkomm.com\/blog\/wp-content\/uploads\/2020\/10\/bb_auchkomm_logo.jpg","contentUrl":"https:\/\/www.auchkomm.com\/blog\/wp-content\/uploads\/2020\/10\/bb_auchkomm_logo.jpg","width":673,"height":189,"caption":"auchkomm Unternehmenskommunikation"},"image":{"@id":"https:\/\/www.auchkomm.com\/blog\/#\/schema\/logo\/image\/"}},{"@type":"Person","@id":"https:\/\/www.auchkomm.com\/blog\/#\/schema\/person\/6de8005ad68760ca83b1dc1148352c63","name":"F. Stephan Auch","description":"F. Stephan Auch, Journalist und Diplom-Regionalwissenschaftler, hat in K\u00f6ln und Madrid Volkswirtschaftslehre, Politikwissenschaften, Spanisch und Geschichte studiert. Er ist leidenschaftlicher Journalist, Berater f\u00fcr Unternehmenskommunikation sowie zertifizierter Web-Analyst und Manager Suchmaschinenmarketing. auchkomm ist eine von ihm 2001 gegr\u00fcndete, N\u00fcrnberger PR-Agentur, die mittelst\u00e4ndische Unternehmen bei der Planung, Konzeption und Umsetzung von integrierten Ma\u00dfnahmen der Presse- und \u00d6ffentlichkeitsarbeit betreut.","sameAs":["http:\/\/www.auchkomm.com"]}]}},"_links":{"self":[{"href":"https:\/\/www.auchkomm.com\/blog\/wp-json\/wp\/v2\/posts\/497","targetHints":{"allow":["GET"]}}],"collection":[{"href":"https:\/\/www.auchkomm.com\/blog\/wp-json\/wp\/v2\/posts"}],"about":[{"href":"https:\/\/www.auchkomm.com\/blog\/wp-json\/wp\/v2\/types\/post"}],"author":[{"embeddable":true,"href":"https:\/\/www.auchkomm.com\/blog\/wp-json\/wp\/v2\/users\/2"}],"replies":[{"embeddable":true,"href":"https:\/\/www.auchkomm.com\/blog\/wp-json\/wp\/v2\/comments?post=497"}],"version-history":[{"count":15,"href":"https:\/\/www.auchkomm.com\/blog\/wp-json\/wp\/v2\/posts\/497\/revisions"}],"predecessor-version":[{"id":1091,"href":"https:\/\/www.auchkomm.com\/blog\/wp-json\/wp\/v2\/posts\/497\/revisions\/1091"}],"wp:attachment":[{"href":"https:\/\/www.auchkomm.com\/blog\/wp-json\/wp\/v2\/media?parent=497"}],"wp:term":[{"taxonomy":"category","embeddable":true,"href":"https:\/\/www.auchkomm.com\/blog\/wp-json\/wp\/v2\/categories?post=497"},{"taxonomy":"post_tag","embeddable":true,"href":"https:\/\/www.auchkomm.com\/blog\/wp-json\/wp\/v2\/tags?post=497"}],"curies":[{"name":"wp","href":"https:\/\/api.w.org\/{rel}","templated":true}]}}