{"id":692,"date":"2020-09-02T08:57:44","date_gmt":"2020-09-02T08:57:44","guid":{"rendered":"https:\/\/www.auchkomm.com\/blog\/?p=692"},"modified":"2024-10-03T09:38:02","modified_gmt":"2024-10-03T09:38:02","slug":"certified-sem-manager-web-analyst","status":"publish","type":"post","link":"https:\/\/www.auchkomm.com\/blog\/2020\/09\/02\/certified-sem-manager-web-analyst\/","title":{"rendered":"F. Stephan Auch Titel als &#8222;Certified SEM Manager &#038; Web Analyst&#8220; verliehen"},"content":{"rendered":"\n<figure class=\"wp-block-image size-large is-resized\"><img loading=\"lazy\" decoding=\"async\" width=\"590\" height=\"836\" src=\"https:\/\/www.auchkomm.com\/blog\/wp-content\/uploads\/2020\/09\/certified-sem-manager-web-analyst-certificate.jpg\" alt=\"\" class=\"wp-image-695\" style=\"width:443px;height:627px\" srcset=\"https:\/\/www.auchkomm.com\/blog\/wp-content\/uploads\/2020\/09\/certified-sem-manager-web-analyst-certificate.jpg 590w, https:\/\/www.auchkomm.com\/blog\/wp-content\/uploads\/2020\/09\/certified-sem-manager-web-analyst-certificate-212x300.jpg 212w\" sizes=\"auto, (max-width: 590px) 100vw, 590px\" \/><\/figure>\n\n\n\n<p>Im August 2020 habe ich das Zertifikat des Europ\u00e4ischen Webmasterverbands Webmasters Europe e.V. als &#8222;Certified SEM Manager &amp; Web Analyst&#8220; erworben. Dass mir der Titel verliehen wurde, ist eine sch\u00f6ne Best\u00e4tigung meiner jahrelangen erfolgreichen Praxis in Content Marketing, Suchmaschinenmarketing (SEM) und Suchmaschinenoptimierung (SEO) f\u00fcr viele Unternehmen.\u00a0<\/p>\n\n\n\n<p><strong>Gerne unterst\u00fctze ich auch Sie bei Ihrem Online-Marketing.<\/strong><\/p>\n","protected":false},"excerpt":{"rendered":"<p>F. Stephan Auch hat das Zertifikat des Europ\u00e4ischen Webmasterverbands Webmasters Europe e.V. als &#8222;Certified SEM Manager &#038; Web Analyst&#8220; erworben. <\/p>\n","protected":false},"author":2,"featured_media":0,"comment_status":"open","ping_status":"open","sticky":false,"template":"","format":"standard","meta":{"footnotes":""},"categories":[220],"tags":[148],"class_list":["post-692","post","type-post","status-publish","format-standard","hentry","category-suchmaschinenoptimierung-seo","tag-seo"],"yoast_head":"<!-- This site is optimized with the Yoast SEO plugin v27.5 - https:\/\/yoast.com\/product\/yoast-seo-wordpress\/ -->\n<title>F. Stephan Auch &quot;Certified SEM Manager &amp; Web Analyst&quot;<\/title>\n<meta name=\"description\" content=\"F. Stephan Auch hat das Zertifikat &quot;Certified SEM Manager &amp; Web Analyst&quot; des Europ\u00e4ischen Webmasterverbands Webmasters Europe e.V. erworben.\" \/>\n<meta name=\"robots\" content=\"index, follow, max-snippet:-1, max-image-preview:large, max-video-preview:-1\" \/>\n<link rel=\"canonical\" href=\"https:\/\/www.auchkomm.com\/blog\/2020\/09\/02\/certified-sem-manager-web-analyst\/\" \/>\n<meta property=\"og:locale\" content=\"de_DE\" \/>\n<meta property=\"og:type\" content=\"article\" \/>\n<meta property=\"og:title\" content=\"F. Stephan Auch &quot;Certified SEM Manager &amp; Web Analyst&quot;\" \/>\n<meta property=\"og:description\" content=\"F. Stephan Auch hat das Zertifikat &quot;Certified SEM Manager &amp; Web Analyst&quot; des Europ\u00e4ischen Webmasterverbands Webmasters Europe e.V. erworben.\" \/>\n<meta property=\"og:url\" content=\"https:\/\/www.auchkomm.com\/blog\/2020\/09\/02\/certified-sem-manager-web-analyst\/\" \/>\n<meta property=\"og:site_name\" content=\"auchkomm\" \/>\n<meta property=\"article:published_time\" content=\"2020-09-02T08:57:44+00:00\" \/>\n<meta property=\"article:modified_time\" content=\"2024-10-03T09:38:02+00:00\" \/>\n<meta property=\"og:image\" content=\"https:\/\/www.auchkomm.com\/blog\/wp-content\/uploads\/2020\/09\/certified-sem-manager-web-analyst-certificate.jpg\" \/>\n<meta name=\"author\" content=\"F. Stephan Auch\" \/>\n<meta name=\"twitter:card\" content=\"summary_large_image\" \/>\n<meta name=\"twitter:label1\" content=\"Verfasst von\" \/>\n\t<meta name=\"twitter:data1\" content=\"F. Stephan Auch\" \/>\n\t<meta name=\"twitter:label2\" content=\"Gesch\u00e4tzte Lesezeit\" \/>\n\t<meta name=\"twitter:data2\" content=\"1\u00a0Minute\" \/>\n<script type=\"application\/ld+json\" class=\"yoast-schema-graph\">{\"@context\":\"https:\\\/\\\/schema.org\",\"@graph\":[{\"@type\":\"Article\",\"@id\":\"https:\\\/\\\/www.auchkomm.com\\\/blog\\\/2020\\\/09\\\/02\\\/certified-sem-manager-web-analyst\\\/#article\",\"isPartOf\":{\"@id\":\"https:\\\/\\\/www.auchkomm.com\\\/blog\\\/2020\\\/09\\\/02\\\/certified-sem-manager-web-analyst\\\/\"},\"author\":{\"name\":\"F. Stephan Auch\",\"@id\":\"https:\\\/\\\/www.auchkomm.com\\\/blog\\\/#\\\/schema\\\/person\\\/6de8005ad68760ca83b1dc1148352c63\"},\"headline\":\"F. Stephan Auch Titel als &#8222;Certified SEM Manager &#038; Web Analyst&#8220; verliehen\",\"datePublished\":\"2020-09-02T08:57:44+00:00\",\"dateModified\":\"2024-10-03T09:38:02+00:00\",\"mainEntityOfPage\":{\"@id\":\"https:\\\/\\\/www.auchkomm.com\\\/blog\\\/2020\\\/09\\\/02\\\/certified-sem-manager-web-analyst\\\/\"},\"wordCount\":70,\"commentCount\":0,\"publisher\":{\"@id\":\"https:\\\/\\\/www.auchkomm.com\\\/blog\\\/#organization\"},\"image\":{\"@id\":\"https:\\\/\\\/www.auchkomm.com\\\/blog\\\/2020\\\/09\\\/02\\\/certified-sem-manager-web-analyst\\\/#primaryimage\"},\"thumbnailUrl\":\"https:\\\/\\\/www.auchkomm.com\\\/blog\\\/wp-content\\\/uploads\\\/2020\\\/09\\\/certified-sem-manager-web-analyst-certificate.jpg\",\"keywords\":[\"SEO\"],\"articleSection\":[\"Suchmaschinenoptimierung SEO\"],\"inLanguage\":\"de\",\"potentialAction\":[{\"@type\":\"CommentAction\",\"name\":\"Comment\",\"target\":[\"https:\\\/\\\/www.auchkomm.com\\\/blog\\\/2020\\\/09\\\/02\\\/certified-sem-manager-web-analyst\\\/#respond\"]}]},{\"@type\":\"WebPage\",\"@id\":\"https:\\\/\\\/www.auchkomm.com\\\/blog\\\/2020\\\/09\\\/02\\\/certified-sem-manager-web-analyst\\\/\",\"url\":\"https:\\\/\\\/www.auchkomm.com\\\/blog\\\/2020\\\/09\\\/02\\\/certified-sem-manager-web-analyst\\\/\",\"name\":\"F. Stephan Auch \\\"Certified SEM Manager & Web Analyst\\\"\",\"isPartOf\":{\"@id\":\"https:\\\/\\\/www.auchkomm.com\\\/blog\\\/#website\"},\"primaryImageOfPage\":{\"@id\":\"https:\\\/\\\/www.auchkomm.com\\\/blog\\\/2020\\\/09\\\/02\\\/certified-sem-manager-web-analyst\\\/#primaryimage\"},\"image\":{\"@id\":\"https:\\\/\\\/www.auchkomm.com\\\/blog\\\/2020\\\/09\\\/02\\\/certified-sem-manager-web-analyst\\\/#primaryimage\"},\"thumbnailUrl\":\"https:\\\/\\\/www.auchkomm.com\\\/blog\\\/wp-content\\\/uploads\\\/2020\\\/09\\\/certified-sem-manager-web-analyst-certificate.jpg\",\"datePublished\":\"2020-09-02T08:57:44+00:00\",\"dateModified\":\"2024-10-03T09:38:02+00:00\",\"description\":\"F. Stephan Auch hat das Zertifikat \\\"Certified SEM Manager & Web Analyst\\\" des Europ\u00e4ischen Webmasterverbands Webmasters Europe e.V. erworben.\",\"breadcrumb\":{\"@id\":\"https:\\\/\\\/www.auchkomm.com\\\/blog\\\/2020\\\/09\\\/02\\\/certified-sem-manager-web-analyst\\\/#breadcrumb\"},\"inLanguage\":\"de\",\"potentialAction\":[{\"@type\":\"ReadAction\",\"target\":[\"https:\\\/\\\/www.auchkomm.com\\\/blog\\\/2020\\\/09\\\/02\\\/certified-sem-manager-web-analyst\\\/\"]}]},{\"@type\":\"ImageObject\",\"inLanguage\":\"de\",\"@id\":\"https:\\\/\\\/www.auchkomm.com\\\/blog\\\/2020\\\/09\\\/02\\\/certified-sem-manager-web-analyst\\\/#primaryimage\",\"url\":\"https:\\\/\\\/www.auchkomm.com\\\/blog\\\/wp-content\\\/uploads\\\/2020\\\/09\\\/certified-sem-manager-web-analyst-certificate.jpg\",\"contentUrl\":\"https:\\\/\\\/www.auchkomm.com\\\/blog\\\/wp-content\\\/uploads\\\/2020\\\/09\\\/certified-sem-manager-web-analyst-certificate.jpg\",\"width\":590,\"height\":836},{\"@type\":\"BreadcrumbList\",\"@id\":\"https:\\\/\\\/www.auchkomm.com\\\/blog\\\/2020\\\/09\\\/02\\\/certified-sem-manager-web-analyst\\\/#breadcrumb\",\"itemListElement\":[{\"@type\":\"ListItem\",\"position\":1,\"name\":\"Startseite\",\"item\":\"https:\\\/\\\/www.auchkomm.com\\\/blog\\\/\"},{\"@type\":\"ListItem\",\"position\":2,\"name\":\"F. Stephan Auch Titel als &#8222;Certified SEM Manager &#038; Web Analyst&#8220; verliehen\"}]},{\"@type\":\"WebSite\",\"@id\":\"https:\\\/\\\/www.auchkomm.com\\\/blog\\\/#website\",\"url\":\"https:\\\/\\\/www.auchkomm.com\\\/blog\\\/\",\"name\":\"Auchkomm Blog\",\"description\":\"Sprache in Wirtschaft und Technik\",\"publisher\":{\"@id\":\"https:\\\/\\\/www.auchkomm.com\\\/blog\\\/#organization\"},\"potentialAction\":[{\"@type\":\"SearchAction\",\"target\":{\"@type\":\"EntryPoint\",\"urlTemplate\":\"https:\\\/\\\/www.auchkomm.com\\\/blog\\\/?s={search_term_string}\"},\"query-input\":{\"@type\":\"PropertyValueSpecification\",\"valueRequired\":true,\"valueName\":\"search_term_string\"}}],\"inLanguage\":\"de\"},{\"@type\":\"Organization\",\"@id\":\"https:\\\/\\\/www.auchkomm.com\\\/blog\\\/#organization\",\"name\":\"auchkomm Unternehmenskommunikation\",\"url\":\"https:\\\/\\\/www.auchkomm.com\\\/blog\\\/\",\"logo\":{\"@type\":\"ImageObject\",\"inLanguage\":\"de\",\"@id\":\"https:\\\/\\\/www.auchkomm.com\\\/blog\\\/#\\\/schema\\\/logo\\\/image\\\/\",\"url\":\"https:\\\/\\\/www.auchkomm.com\\\/blog\\\/wp-content\\\/uploads\\\/2020\\\/10\\\/bb_auchkomm_logo.jpg\",\"contentUrl\":\"https:\\\/\\\/www.auchkomm.com\\\/blog\\\/wp-content\\\/uploads\\\/2020\\\/10\\\/bb_auchkomm_logo.jpg\",\"width\":673,\"height\":189,\"caption\":\"auchkomm Unternehmenskommunikation\"},\"image\":{\"@id\":\"https:\\\/\\\/www.auchkomm.com\\\/blog\\\/#\\\/schema\\\/logo\\\/image\\\/\"}},{\"@type\":\"Person\",\"@id\":\"https:\\\/\\\/www.auchkomm.com\\\/blog\\\/#\\\/schema\\\/person\\\/6de8005ad68760ca83b1dc1148352c63\",\"name\":\"F. Stephan Auch\",\"description\":\"F. Stephan Auch, Journalist und Diplom-Regionalwissenschaftler, hat in K\u00f6ln und Madrid Volkswirtschaftslehre, Politikwissenschaften, Spanisch und Geschichte studiert. Er ist leidenschaftlicher Journalist, Berater f\u00fcr Unternehmenskommunikation sowie zertifizierter Web-Analyst und Manager Suchmaschinenmarketing. auchkomm ist eine von ihm 2001 gegr\u00fcndete, N\u00fcrnberger PR-Agentur, die mittelst\u00e4ndische Unternehmen bei der Planung, Konzeption und Umsetzung von integrierten Ma\u00dfnahmen der Presse- und \u00d6ffentlichkeitsarbeit betreut.\",\"sameAs\":[\"http:\\\/\\\/www.auchkomm.com\"]}]}<\/script>\n<!-- \/ Yoast SEO plugin. -->","yoast_head_json":{"title":"F. Stephan Auch \"Certified SEM Manager & Web Analyst\"","description":"F. Stephan Auch hat das Zertifikat \"Certified SEM Manager & Web Analyst\" des Europ\u00e4ischen Webmasterverbands Webmasters Europe e.V. erworben.","robots":{"index":"index","follow":"follow","max-snippet":"max-snippet:-1","max-image-preview":"max-image-preview:large","max-video-preview":"max-video-preview:-1"},"canonical":"https:\/\/www.auchkomm.com\/blog\/2020\/09\/02\/certified-sem-manager-web-analyst\/","og_locale":"de_DE","og_type":"article","og_title":"F. Stephan Auch \"Certified SEM Manager & Web Analyst\"","og_description":"F. Stephan Auch hat das Zertifikat \"Certified SEM Manager & Web Analyst\" des Europ\u00e4ischen Webmasterverbands Webmasters Europe e.V. erworben.","og_url":"https:\/\/www.auchkomm.com\/blog\/2020\/09\/02\/certified-sem-manager-web-analyst\/","og_site_name":"auchkomm","article_published_time":"2020-09-02T08:57:44+00:00","article_modified_time":"2024-10-03T09:38:02+00:00","og_image":[{"url":"https:\/\/www.auchkomm.com\/blog\/wp-content\/uploads\/2020\/09\/certified-sem-manager-web-analyst-certificate.jpg","type":"","width":"","height":""}],"author":"F. Stephan Auch","twitter_card":"summary_large_image","twitter_misc":{"Verfasst von":"F. Stephan Auch","Gesch\u00e4tzte Lesezeit":"1\u00a0Minute"},"schema":{"@context":"https:\/\/schema.org","@graph":[{"@type":"Article","@id":"https:\/\/www.auchkomm.com\/blog\/2020\/09\/02\/certified-sem-manager-web-analyst\/#article","isPartOf":{"@id":"https:\/\/www.auchkomm.com\/blog\/2020\/09\/02\/certified-sem-manager-web-analyst\/"},"author":{"name":"F. Stephan Auch","@id":"https:\/\/www.auchkomm.com\/blog\/#\/schema\/person\/6de8005ad68760ca83b1dc1148352c63"},"headline":"F. Stephan Auch Titel als &#8222;Certified SEM Manager &#038; Web Analyst&#8220; verliehen","datePublished":"2020-09-02T08:57:44+00:00","dateModified":"2024-10-03T09:38:02+00:00","mainEntityOfPage":{"@id":"https:\/\/www.auchkomm.com\/blog\/2020\/09\/02\/certified-sem-manager-web-analyst\/"},"wordCount":70,"commentCount":0,"publisher":{"@id":"https:\/\/www.auchkomm.com\/blog\/#organization"},"image":{"@id":"https:\/\/www.auchkomm.com\/blog\/2020\/09\/02\/certified-sem-manager-web-analyst\/#primaryimage"},"thumbnailUrl":"https:\/\/www.auchkomm.com\/blog\/wp-content\/uploads\/2020\/09\/certified-sem-manager-web-analyst-certificate.jpg","keywords":["SEO"],"articleSection":["Suchmaschinenoptimierung SEO"],"inLanguage":"de","potentialAction":[{"@type":"CommentAction","name":"Comment","target":["https:\/\/www.auchkomm.com\/blog\/2020\/09\/02\/certified-sem-manager-web-analyst\/#respond"]}]},{"@type":"WebPage","@id":"https:\/\/www.auchkomm.com\/blog\/2020\/09\/02\/certified-sem-manager-web-analyst\/","url":"https:\/\/www.auchkomm.com\/blog\/2020\/09\/02\/certified-sem-manager-web-analyst\/","name":"F. Stephan Auch \"Certified SEM Manager & Web Analyst\"","isPartOf":{"@id":"https:\/\/www.auchkomm.com\/blog\/#website"},"primaryImageOfPage":{"@id":"https:\/\/www.auchkomm.com\/blog\/2020\/09\/02\/certified-sem-manager-web-analyst\/#primaryimage"},"image":{"@id":"https:\/\/www.auchkomm.com\/blog\/2020\/09\/02\/certified-sem-manager-web-analyst\/#primaryimage"},"thumbnailUrl":"https:\/\/www.auchkomm.com\/blog\/wp-content\/uploads\/2020\/09\/certified-sem-manager-web-analyst-certificate.jpg","datePublished":"2020-09-02T08:57:44+00:00","dateModified":"2024-10-03T09:38:02+00:00","description":"F. Stephan Auch hat das Zertifikat \"Certified SEM Manager & Web Analyst\" des Europ\u00e4ischen Webmasterverbands Webmasters Europe e.V. erworben.","breadcrumb":{"@id":"https:\/\/www.auchkomm.com\/blog\/2020\/09\/02\/certified-sem-manager-web-analyst\/#breadcrumb"},"inLanguage":"de","potentialAction":[{"@type":"ReadAction","target":["https:\/\/www.auchkomm.com\/blog\/2020\/09\/02\/certified-sem-manager-web-analyst\/"]}]},{"@type":"ImageObject","inLanguage":"de","@id":"https:\/\/www.auchkomm.com\/blog\/2020\/09\/02\/certified-sem-manager-web-analyst\/#primaryimage","url":"https:\/\/www.auchkomm.com\/blog\/wp-content\/uploads\/2020\/09\/certified-sem-manager-web-analyst-certificate.jpg","contentUrl":"https:\/\/www.auchkomm.com\/blog\/wp-content\/uploads\/2020\/09\/certified-sem-manager-web-analyst-certificate.jpg","width":590,"height":836},{"@type":"BreadcrumbList","@id":"https:\/\/www.auchkomm.com\/blog\/2020\/09\/02\/certified-sem-manager-web-analyst\/#breadcrumb","itemListElement":[{"@type":"ListItem","position":1,"name":"Startseite","item":"https:\/\/www.auchkomm.com\/blog\/"},{"@type":"ListItem","position":2,"name":"F. Stephan Auch Titel als &#8222;Certified SEM Manager &#038; Web Analyst&#8220; verliehen"}]},{"@type":"WebSite","@id":"https:\/\/www.auchkomm.com\/blog\/#website","url":"https:\/\/www.auchkomm.com\/blog\/","name":"Auchkomm Blog","description":"Sprache in Wirtschaft und Technik","publisher":{"@id":"https:\/\/www.auchkomm.com\/blog\/#organization"},"potentialAction":[{"@type":"SearchAction","target":{"@type":"EntryPoint","urlTemplate":"https:\/\/www.auchkomm.com\/blog\/?s={search_term_string}"},"query-input":{"@type":"PropertyValueSpecification","valueRequired":true,"valueName":"search_term_string"}}],"inLanguage":"de"},{"@type":"Organization","@id":"https:\/\/www.auchkomm.com\/blog\/#organization","name":"auchkomm Unternehmenskommunikation","url":"https:\/\/www.auchkomm.com\/blog\/","logo":{"@type":"ImageObject","inLanguage":"de","@id":"https:\/\/www.auchkomm.com\/blog\/#\/schema\/logo\/image\/","url":"https:\/\/www.auchkomm.com\/blog\/wp-content\/uploads\/2020\/10\/bb_auchkomm_logo.jpg","contentUrl":"https:\/\/www.auchkomm.com\/blog\/wp-content\/uploads\/2020\/10\/bb_auchkomm_logo.jpg","width":673,"height":189,"caption":"auchkomm Unternehmenskommunikation"},"image":{"@id":"https:\/\/www.auchkomm.com\/blog\/#\/schema\/logo\/image\/"}},{"@type":"Person","@id":"https:\/\/www.auchkomm.com\/blog\/#\/schema\/person\/6de8005ad68760ca83b1dc1148352c63","name":"F. Stephan Auch","description":"F. Stephan Auch, Journalist und Diplom-Regionalwissenschaftler, hat in K\u00f6ln und Madrid Volkswirtschaftslehre, Politikwissenschaften, Spanisch und Geschichte studiert. Er ist leidenschaftlicher Journalist, Berater f\u00fcr Unternehmenskommunikation sowie zertifizierter Web-Analyst und Manager Suchmaschinenmarketing. auchkomm ist eine von ihm 2001 gegr\u00fcndete, N\u00fcrnberger PR-Agentur, die mittelst\u00e4ndische Unternehmen bei der Planung, Konzeption und Umsetzung von integrierten Ma\u00dfnahmen der Presse- und \u00d6ffentlichkeitsarbeit betreut.","sameAs":["http:\/\/www.auchkomm.com"]}]}},"_links":{"self":[{"href":"https:\/\/www.auchkomm.com\/blog\/wp-json\/wp\/v2\/posts\/692","targetHints":{"allow":["GET"]}}],"collection":[{"href":"https:\/\/www.auchkomm.com\/blog\/wp-json\/wp\/v2\/posts"}],"about":[{"href":"https:\/\/www.auchkomm.com\/blog\/wp-json\/wp\/v2\/types\/post"}],"author":[{"embeddable":true,"href":"https:\/\/www.auchkomm.com\/blog\/wp-json\/wp\/v2\/users\/2"}],"replies":[{"embeddable":true,"href":"https:\/\/www.auchkomm.com\/blog\/wp-json\/wp\/v2\/comments?post=692"}],"version-history":[{"count":15,"href":"https:\/\/www.auchkomm.com\/blog\/wp-json\/wp\/v2\/posts\/692\/revisions"}],"predecessor-version":[{"id":1192,"href":"https:\/\/www.auchkomm.com\/blog\/wp-json\/wp\/v2\/posts\/692\/revisions\/1192"}],"wp:attachment":[{"href":"https:\/\/www.auchkomm.com\/blog\/wp-json\/wp\/v2\/media?parent=692"}],"wp:term":[{"taxonomy":"category","embeddable":true,"href":"https:\/\/www.auchkomm.com\/blog\/wp-json\/wp\/v2\/categories?post=692"},{"taxonomy":"post_tag","embeddable":true,"href":"https:\/\/www.auchkomm.com\/blog\/wp-json\/wp\/v2\/tags?post=692"}],"curies":[{"name":"wp","href":"https:\/\/api.w.org\/{rel}","templated":true}]}}